{"id":18308,"date":"2025-10-11T11:34:11","date_gmt":"2025-10-11T11:34:11","guid":{"rendered":"https:\/\/www.europesays.com\/lv\/18308\/"},"modified":"2025-10-11T11:34:11","modified_gmt":"2025-10-11T11:34:11","slug":"maz-ticams-ka-vins-drizuma-atgriezisies-lente-lv-2","status":"publish","type":"post","link":"https:\/\/www.europesays.com\/lv\/18308\/","title":{"rendered":"&#8220;Maz ticams, ka vi\u0146\u0161 dr\u012bzum\u0101 atgriez\u012bsies&#8221;\u00a0\u2014\u00a0Lente.lv"},"content":{"rendered":"<p>&#8220;Lightning&#8221; treneris D\u017eons K\u016bpers pesimistiski v\u0113rt\u0113 Zemga Girgensona traumu<\/p>\n<p>Tampabejas &#8220;Lightning&#8221; galvenais treneris D\u017eons K\u016bpers paudis ba\u017eas par Latvijas hokejista Zemga Girgensona pa\u0161reiz\u0113jo traumu, nor\u0101dot, ka sp\u0113l\u0113t\u0101ja atgrie\u0161an\u0101s laukum\u0101 tuv\u0101kaj\u0101 laik\u0101 ir mazticama. &#8220;Dro\u0161i vien ir dro\u0161i teikt, ka vi\u0146\u0161 ir &#8220;ned\u0113\u013cu vai divu ned\u0113\u013cu&#8221; jaut\u0101jums,&#8221; p\u0113c &#8220;Lightning&#8221; priek\u0161sac\u012bk\u0161u sp\u0113les pret Floridas &#8220;Panthers&#8221; izteic\u0101s K\u016bpers, koment\u0113jot Girgensona st\u0101vokli. \u0160is koment\u0101rs liecina par piesardz\u012bgu, pat nedaudz pesimistisku, noska\u0146ojumu par Girgensona atgrie\u0161anos sast\u0101v\u0101.<\/p>\n<p>Girgensona traumas apst\u0101k\u013ci un sekas<\/p>\n<p>Latvijas uzbruc\u0113js guvis savainojumu sestdienas priek\u0161sac\u012bk\u0161u sp\u0113l\u0113 pret &#8220;Panthers&#8221;. &#8220;Lightning&#8221; klubs ir piel\u0101gojis savu sast\u0101vu, un Girgensons ir p\u0101rcelts uz savainoto sp\u0113l\u0113t\u0101ju sarakstu (IR). Tas noz\u012bm\u0113, ka vi\u0146\u0161 noteikti izlaid\u012bs vismaz pirm\u0101s divas 2025.-2026. gada sezonas sp\u0113les. \u0160\u012b situ\u0101cija ir \u012bpa\u0161i satrauco\u0161a, \u0146emot v\u0113r\u0101, ka Girgensons pag\u0101ju\u0161aj\u0101 sezon\u0101 piedal\u012bj\u0101s vis\u0101s 82 sp\u0113l\u0113s, demonstr\u0113jot uzticam\u012bbu un sp\u0113l\u0113jot galvenok\u0101rt aizsardz\u012bbas lom\u0101, g\u016bstot 6 punktus. Vi\u0146a promb\u016btne rad\u012bs robu komandas sast\u0101v\u0101 un sp\u0113l\u0113.<\/p>\n<p>Sp\u0113les konteksts un iesp\u0113jam\u0101s sekas l\u012bgai<\/p>\n<p>Sp\u0113le, kur\u0101 tika g\u016bta Girgensona trauma, bija \u012bpa\u0161i saspringta un emocion\u0101la, ab\u0101m komand\u0101m kop\u0101 sakr\u0101jot vair\u0101k nek\u0101 300 soda min\u016btes. \u0160\u0101da agres\u012bva sp\u0113le izrais\u012bjusi ar\u012b l\u012bgas izmekl\u0113\u0161anu un iesp\u0113jamas sankcijas pret &#8220;Lightning&#8221; par notikumiem laukum\u0101. Tas pie\u0161\u0137ir trauksmei papildu dimensiju, jo tiek uzdots jaut\u0101jums par sp\u0113l\u0113t\u0101ju dro\u0161\u012bbu un sp\u0113les kult\u016bru.<\/p>\n<p>K\u016bpera vil\u0161an\u0101s par traumu bie\u017eumu<\/p>\n<p>Treneris K\u016bpers ir paudis savu vil\u0161anos un pat nogurumu, atbildot uz jaut\u0101jumiem par arvien bie\u017e\u0101kaj\u0101m traum\u0101m komandas sast\u0101v\u0101. Vi\u0146\u0161 izteicies, ka &#8220;tas k\u013c\u016bst nogurdino\u0161i atbild\u0113t uz jaut\u0101jumiem par katru sp\u0113li notiku\u0161u d\u0101mu sitienu&#8221;. K\u016bpers ar\u012b nor\u0101d\u012bjis uz nepiecie\u0161am\u012bbu sp\u0113l\u0113t\u0101jiem pa\u0161iem savstarp\u0113ji regul\u0113t agresivit\u0101ti, lai izvair\u012btos no nevajadz\u012bg\u0101m traum\u0101m, \u012bpa\u0161i izsl\u0113g\u0161anas sp\u0113l\u0113s, kur\u0101s &#8220;nepaliktu neviens vesels l\u012bdz pat Stenlija kausa izc\u012b\u0146as fin\u0101lam&#8221;.<\/p>\n<p>Zemgus Girgensons \u2013 sp\u0113l\u0113t\u0101ja raksturojums un iepriek\u0161\u0113j\u0101s traumas<\/p>\n<p>Zemgus Girgensons, kur\u0161 ir dzimis 1994. gada 5. janv\u0101r\u012b R\u012bg\u0101, ir Latvijas profesion\u0101lais hokejists, kur\u0161 sp\u0113l\u0113 uzbruc\u0113ja poz\u012bcij\u0101. Vi\u0146\u0161 ir paz\u012bstams ar savu fizisko sp\u0113li un sp\u0113ju aizst\u0101v\u0113t savu komandu. NHL vi\u0146\u0161 tika draft\u0113ts ar 14. numuru 2012. gad\u0101, k\u013c\u016bstot par augst\u0101k draft\u0113to Latvijas sp\u0113l\u0113t\u0101ju NHL v\u0113stur\u0113. Pirms pievieno\u0161an\u0101s &#8220;Lightning&#8221;, Girgensons sp\u0113l\u0113ja Bufalo &#8220;Sabres&#8221;, kur vi\u0146\u0161 piedz\u012bvoja da\u017e\u0101das traumas, tostarp hamstrings un citas probl\u0113mas, kas lika vi\u0146am izlaist sp\u0113les un pat visu sezonu. Lai gan Girgensons ir pier\u0101d\u012bjis savu v\u0113rt\u012bbu k\u0101 uzticams sp\u0113l\u0113t\u0101js, traumas vi\u0146a karjer\u0101 ir biju\u0161as nep\u0101rtrauktas. \u0160obr\u012bd vi\u0146a st\u0101voklis ir neskaidrs, un tiek prognoz\u0113ts, ka vi\u0146\u0161 laukum\u0101 nepar\u0101d\u012bsies tuv\u0101kaj\u0101 laik\u0101. \u0160\u012b situ\u0113cija liek dom\u0101t, ka Girgensona sp\u0113l\u0113t\u0101ja karjera ir bijusi izaicin\u0101jumiem bag\u0101ta, un jaun\u0101k\u0101 trauma tikai pievienojas \u0161im sarakstam.<\/p>\n","protected":false},"excerpt":{"rendered":"&#8220;Lightning&#8221; treneris D\u017eons K\u016bpers pesimistiski v\u0113rt\u0113 Zemga Girgensona traumu Tampabejas &#8220;Lightning&#8221; galvenais treneris D\u017eons K\u016bpers paudis ba\u017eas par&hellip;\n","protected":false},"author":2,"featured_media":18309,"comment_status":"","ping_status":"","sticky":false,"template":"","format":"standard","meta":{"footnotes":""},"categories":[17],"tags":[5884,5885,35,39,38,36,37,34,40,835,67,1903,1906],"class_list":{"0":"post-18308","1":"post","2":"type-post","3":"status-publish","4":"format-standard","5":"has-post-thumbnail","7":"category-sports","8":"tag-dzons-kupers","9":"tag-hokeja-trauma","10":"tag-latvia","11":"tag-latvian","12":"tag-latviesu","13":"tag-latviesu-valoda","14":"tag-latviesuvaloda","15":"tag-latvija","16":"tag-lv","17":"tag-nhl","18":"tag-sports","19":"tag-tampabejas-lightning","20":"tag-zemgus-girgensons"},"share_on_mastodon":{"url":"","error":""},"_links":{"self":[{"href":"https:\/\/www.europesays.com\/lv\/wp-json\/wp\/v2\/posts\/18308","targetHints":{"allow":["GET"]}}],"collection":[{"href":"https:\/\/www.europesays.com\/lv\/wp-json\/wp\/v2\/posts"}],"about":[{"href":"https:\/\/www.europesays.com\/lv\/wp-json\/wp\/v2\/types\/post"}],"author":[{"embeddable":true,"href":"https:\/\/www.europesays.com\/lv\/wp-json\/wp\/v2\/users\/2"}],"replies":[{"embeddable":true,"href":"https:\/\/www.europesays.com\/lv\/wp-json\/wp\/v2\/comments?post=18308"}],"version-history":[{"count":0,"href":"https:\/\/www.europesays.com\/lv\/wp-json\/wp\/v2\/posts\/18308\/revisions"}],"wp:featuredmedia":[{"embeddable":true,"href":"https:\/\/www.europesays.com\/lv\/wp-json\/wp\/v2\/media\/18309"}],"wp:attachment":[{"href":"https:\/\/www.europesays.com\/lv\/wp-json\/wp\/v2\/media?parent=18308"}],"wp:term":[{"taxonomy":"category","embeddable":true,"href":"https:\/\/www.europesays.com\/lv\/wp-json\/wp\/v2\/categories?post=18308"},{"taxonomy":"post_tag","embeddable":true,"href":"https:\/\/www.europesays.com\/lv\/wp-json\/wp\/v2\/tags?post=18308"}],"curies":[{"name":"wp","href":"https:\/\/api.w.org\/{rel}","templated":true}]}}