{"id":18320,"date":"2025-10-11T12:09:14","date_gmt":"2025-10-11T12:09:14","guid":{"rendered":"https:\/\/www.europesays.com\/lv\/18320\/"},"modified":"2025-10-11T12:09:14","modified_gmt":"2025-10-11T12:09:14","slug":"pasaules-slavenais-dziedatajs-dimass-kudaibergens-sniegs-iespaidigu-koncertu-riga-lente-lv-2","status":"publish","type":"post","link":"https:\/\/www.europesays.com\/lv\/18320\/","title":{"rendered":"Pasaules slavenais dzied\u0101t\u0101js Dima\u0161s Kudaibergens sniegs iespaid\u012bgu koncertu R\u012bg\u0101\u00a0\u2014\u00a0Lente.lv"},"content":{"rendered":"<p>Neaizmirstama vok\u0101l\u0101 meistar\u012bba R\u012bg\u0101<\/p>\n<p>Pasaulslavenais Kazahst\u0101nas dzied\u0101t\u0101js Dima\u0161s Kudaibergens, kura v\u0101rds asoci\u0113jas ar neticamu talantu un elpu aizraujo\u0161u vok\u0101lo diapazonu, dr\u012bzum\u0101 priec\u0113s R\u012bgas publiku ar savu grandiozo \u0161ovu \u201cStranger\u201d. Koncerts norisin\u0101sies 2025. gada 12. decembr\u012b Xiaomi Ar\u0113n\u0101 (iepriek\u0161 zin\u0101ma k\u0101 Ar\u0113na R\u012bga), soloties k\u013c\u016bt par vienu no spilgt\u0101kajiem muzik\u0101lajiem notikumiem gad\u0101. Dima\u0161s nav tikai dzied\u0101t\u0101js; vi\u0146\u0161 ir m\u0101kslinieks, kur\u0161 sp\u0113j vienlaikus apvienot baritonu, tenoru un alt\u012bno, radot unik\u0101lu ska\u0146u paleti, kas sp\u0113j aizkustin\u0101t l\u012bdz sirds dzi\u013cumiem. Vi\u0146a balss aptver gandr\u012bz visu klavieru diapazonu, un pat p\u0101rsniedz to, \u013caujot vi\u0146am izpild\u012bt kompoz\u012bcijas devi\u0146\u0101s valod\u0101s, aptverot tik da\u017e\u0101dus \u017eanrus k\u0101 opera, rep, roks un tautas m\u016bzika, izmantojot sav\u0101 dai\u013crad\u0113 krossovera tehniku.<\/p>\n<p>Ce\u013c\u0161 uz pasaules slavu<\/p>\n<p>Dima\u0161a muzik\u0101l\u0101 karjera s\u0101k\u0101s jau agr\u0101 b\u0113rn\u012bb\u0101. Vi\u0146\u0161 pirmo reizi uz skatuves k\u0101pa divu gadu vecum\u0101, un abi vi\u0146a vec\u0101ki ir Kazahst\u0101nas nopelniem bag\u0101ti dzied\u0101t\u0101ji, kas, bez \u0161aub\u0101m, atst\u0101ja iespaidu uz vi\u0146a att\u012bst\u012bbu. Jau no b\u0113rn\u012bbas Dima\u0161s akt\u012bvi piedal\u012bj\u0101s koncertos un konkursos, apg\u016bstot ne tikai dzied\u0101\u0161anu, bet ar\u012b sp\u0113l\u0113jot klasiskos un kazahu tautas instrumentus, k\u0101 ar\u012b rakstot dzeju un aran\u017e\u0113jot m\u016bziku. Patiesu popularit\u0101ti \u0100zij\u0101 vi\u0146am atnesa dal\u012bba \u0136\u012bnas telev\u012bzijas \u0161ov\u0101 \u201cSinger\u201d kan\u0101l\u0101 \u201cHunan TV\u201d. 22 gadu vecum\u0101 vi\u0146\u0161 k\u013cuva par jaun\u0101ko dal\u012bbnieku \u0161ova v\u0113stur\u0113, kur\u0101 uzst\u0101jas pasaul\u0113 atz\u012btas zvaigznes, un izc\u012bn\u012bja 2. vietu. P\u0113c \u0161\u012b pan\u0101kuma Dima\u0161s piedal\u012bj\u0101s vair\u0101kos citos \u0136\u012bnas telev\u012bzijas projektos, ierakst\u012bja singlus \u0137\u012bnie\u0161u valod\u0101, un vi\u0146a popularit\u0101te s\u0101ka augt eksponenci\u0101li. Vi\u0146a solokoncerti Kazahst\u0101n\u0101 pulc\u0113ja desmitiem t\u016bksto\u0161u skat\u012bt\u0101ju \u2013 30 t\u016bksto\u0161us Astan\u0101 un pat 150 t\u016bksto\u0161us Almat\u012b. Vi\u0146\u0161 ir sa\u0146\u0113mis visas noz\u012bm\u012bg\u0101k\u0101s balvas sav\u0101 dzimten\u0113, k\u0101 ar\u012b starptautiskus apbalvojumus, piem\u0113ram, \u201c\u0100zijas popul\u0101r\u0101kais dzied\u0101t\u0101js\u201d (Top Chinese Music Awards) un \u201cLab\u0101kais \u0101rzemju dzied\u0101t\u0101js\u201d (MTV).<\/p>\n<p>\u201cStranger\u201d \u2013 gaid\u0101mais pasaules t\u016bres posms<\/p>\n<p>Koncerts R\u012bg\u0101 ir da\u013ca no Dima\u0161a pla\u0161\u0101s pasaules t\u016bres \u201cStranger\u201d, kas ir ieguvusi milz\u012bgu atsauc\u012bbu vis\u0101 pasaul\u0113. \u0160\u012b t\u016bre jau iepriek\u0161 ir apb\u016brusi skat\u012bt\u0101jus London\u0101, \u0145ujork\u0101, Berl\u012bn\u0113 un cit\u0101s lielpils\u0113t\u0101s. R\u012bgas koncert\u0101 klaus\u012bt\u0101ji var sagaid\u012bt gan Dima\u0161a vislab\u0101k paz\u012bstamos darbus, gan ar\u012b pavisam jaunu, v\u0113l nedzird\u0113tu materi\u0101lu, kas sola pie\u0161\u0137irt vakaram \u012bpa\u0161u noska\u0146u. Xiaomi Ar\u0113nas modern\u0101s telpas un izcil\u0101 akustika nodro\u0161in\u0101s ide\u0101lus apst\u0101k\u013cus, lai piln\u012bb\u0101 izbaud\u012btu m\u0101kslinieka unik\u0101lo sniegumu. Dima\u0161s jau iepriek\u0161 ir viesojies Latvij\u0101 2020. gad\u0101 \u201cArnau\u201d t\u016bres ietvaros, un vi\u0146a atgrie\u0161an\u0101s sola b\u016bt v\u0113l iespaid\u012bg\u0101ka.<\/p>\n<p>Vok\u0101l\u0101s sp\u0113jas un daudzpus\u012bba<\/p>\n<p>Dima\u0161a vok\u0101l\u0101s sp\u0113jas ir patie\u0161\u0101m unik\u0101las. Vi\u0146a balss diapazons aptver gandr\u012bz visas klavieru notis, sniedzoties no dzi\u013ciem baritona to\u0146iem l\u012bdz pat augst\u0101kajiem sopranu re\u0123istriem, ieskaitot pla\u0161i paz\u012bstamo svilpo\u0161anas re\u0123istru. \u0160\u012b pla\u0161\u0101 sp\u0113ju amplit\u016bda \u013cauj vi\u0146am izpild\u012bt dziesmas visda\u017e\u0101d\u0101kajos \u017eanros un stilos, radot iespaidu, ka uz skatuves vienlaic\u012bgi atrodas vair\u0101ki dzied\u0101t\u0101ji. Vi\u0146a prasme dzied\u0101t vair\u0101k\u0101s valod\u0101s, tostarp kazahu, krievu, ang\u013cu, fran\u010du, \u0137\u012bnie\u0161u un it\u0101\u013cu, padara katru vi\u0146a priek\u0161nesumu par \u012bpa\u0161u notikumu. Dima\u0161a karjeras laik\u0101 vi\u0146\u0161 ir sadarbojies ar t\u0101diem pasaulslaveniem m\u016bzi\u0137iem k\u0101 Hos\u0113 Karerass un Plasido Domingo, kas apliecina vi\u0146a talanta atzin\u012bbu starptautisk\u0101 m\u0113rog\u0101.<\/p>\n<p>Pasaules m\u0113roga zvaigzne ar milz\u012bgu fanu b\u0101zi<\/p>\n<p>Dima\u0161am ir fanu klubi vair\u0101k nek\u0101 114 pasaules valst\u012bs, kas apliecina vi\u0146a glob\u0101lo popularit\u0101ti. \u0100zij\u0101 vi\u0146a koncerti pulc\u0113 ar\u0113nas pilnas, sasniedzot pat 40 000 skat\u012bt\u0101ju. Vi\u0146a karjera ir bijusi strauja un iespaid\u012bga, sa\u0146emot neskait\u0101mus apbalvojumus un atzin\u012bbu gan dzimten\u0113, gan \u0101rvalst\u012bs. P\u0113c pan\u0101kumiem \u0136\u012bn\u0101 un cit\u0101s \u0100zijas valst\u012bs, vi\u0146\u0161 ir iekarojis ar\u012b Eiropas un Amerikas skat\u012bt\u0101ju sirdis. Vi\u0146a albums \u201ciD\u201d sasniedza plat\u012bna statusu maz\u0101k nek\u0101 min\u016btes laik\u0101 p\u0113c izdo\u0161anas. Dima\u0161s nav tikai talant\u012bgs dzied\u0101t\u0101js, bet ar\u012b multitalant\u012bgs m\u016bzi\u0137is un dziesmu autors, kur\u0161 turpina p\u0101rsteigt un iedvesmot miljonus ar savu unik\u0101lo m\u0101kslu.<\/p>\n","protected":false},"excerpt":{"rendered":"Neaizmirstama vok\u0101l\u0101 meistar\u012bba R\u012bg\u0101 Pasaulslavenais Kazahst\u0101nas dzied\u0101t\u0101js Dima\u0161s Kudaibergens, kura v\u0101rds asoci\u0113jas ar neticamu talantu un elpu aizraujo\u0161u&hellip;\n","protected":false},"author":2,"featured_media":18321,"comment_status":"","ping_status":"","sticky":false,"template":"","format":"standard","meta":{"footnotes":""},"categories":[19],"tags":[5957,89,90,656,35,39,38,36,37,34,40,5960,5958,5959],"class_list":{"0":"post-18320","1":"post","2":"type-post","3":"status-publish","4":"format-standard","5":"has-post-thumbnail","7":"category-izklaide","8":"tag-dimass-kudaibergens","9":"tag-entertainment","10":"tag-izklaide","11":"tag-koncerts-riga","12":"tag-latvia","13":"tag-latvian","14":"tag-latviesu","15":"tag-latviesu-valoda","16":"tag-latviesuvaloda","17":"tag-latvija","18":"tag-lv","19":"tag-muzikas-zvaigzne","20":"tag-stranger-tour","21":"tag-vokalais-diapazons"},"share_on_mastodon":{"url":"","error":""},"_links":{"self":[{"href":"https:\/\/www.europesays.com\/lv\/wp-json\/wp\/v2\/posts\/18320","targetHints":{"allow":["GET"]}}],"collection":[{"href":"https:\/\/www.europesays.com\/lv\/wp-json\/wp\/v2\/posts"}],"about":[{"href":"https:\/\/www.europesays.com\/lv\/wp-json\/wp\/v2\/types\/post"}],"author":[{"embeddable":true,"href":"https:\/\/www.europesays.com\/lv\/wp-json\/wp\/v2\/users\/2"}],"replies":[{"embeddable":true,"href":"https:\/\/www.europesays.com\/lv\/wp-json\/wp\/v2\/comments?post=18320"}],"version-history":[{"count":0,"href":"https:\/\/www.europesays.com\/lv\/wp-json\/wp\/v2\/posts\/18320\/revisions"}],"wp:featuredmedia":[{"embeddable":true,"href":"https:\/\/www.europesays.com\/lv\/wp-json\/wp\/v2\/media\/18321"}],"wp:attachment":[{"href":"https:\/\/www.europesays.com\/lv\/wp-json\/wp\/v2\/media?parent=18320"}],"wp:term":[{"taxonomy":"category","embeddable":true,"href":"https:\/\/www.europesays.com\/lv\/wp-json\/wp\/v2\/categories?post=18320"},{"taxonomy":"post_tag","embeddable":true,"href":"https:\/\/www.europesays.com\/lv\/wp-json\/wp\/v2\/tags?post=18320"}],"curies":[{"name":"wp","href":"https:\/\/api.w.org\/{rel}","templated":true}]}}