{"id":18332,"date":"2025-10-11T12:24:08","date_gmt":"2025-10-11T12:24:08","guid":{"rendered":"https:\/\/www.europesays.com\/lv\/18332\/"},"modified":"2025-10-11T12:24:08","modified_gmt":"2025-10-11T12:24:08","slug":"francija-lielbritanija-un-vacija-gatavas-izmantot-iesaldetos-krievijas-aktivus-ukrainas-atbalstam","status":"publish","type":"post","link":"https:\/\/www.europesays.com\/lv\/18332\/","title":{"rendered":"Francija, Lielbrit\u0101nija un V\u0101cija gatavas izmantot iesald\u0113tos Krievijas akt\u012bvus Ukrainas atbalstam"},"content":{"rendered":"<p>Vieno\u0161an\u0101s pan\u0101kta l\u012bderu telefonsarunas gait\u0101.<\/p>\n<p>&#8220;M\u0113s esam gatavi koordin\u0113ti izmantot blo\u0137\u0113tos Krievijas suver\u0113nos akt\u012bvus, lai atbalst\u012btu Ukrainas bru\u0146otos sp\u0113kus un t\u0101d\u0113j\u0101di p\u0101rliecin\u0101tu Krieviju s\u0113sties pie sarunu galda,&#8221; pazi\u0146ojum\u0101 apliecin\u0101ja Francijas prezidents Emanuels Makrons, Lielbrit\u0101nijas premjerministrs K\u012brs St\u0101rmers un V\u0101cijas kanclers Fr\u012bdrihs Mercs.<\/p>\n<p>&#8220;M\u016bsu m\u0113r\u0137is ir to dar\u012bt cie\u0161\u0101 sadarb\u012bb\u0101 ar ASV,&#8221; piebilda l\u012bderi.<\/p>\n<p>Ukrainas prezidents Volodimirs Zelenskis v\u0113l pirms tam piektdien pazi\u0146oja, ka ar Eiropas Centr\u0101l\u0101s bankas vad\u012bt\u0101ju Krist\u012bni Lagardu p\u0101rrun\u0101jis iesald\u0113to Krievijas akt\u012bvu &#8220;taisn\u012bgu izmanto\u0161anu&#8221;.<\/p>\n<p>&#8220;M\u0113s apspried\u0101m, k\u0101 nodro\u0161in\u0101t, lai iesald\u0113tie Krievijas akt\u012bvi tiktu god\u012bgi izmantoti aizsardz\u012bbai pret Krievijas karu un pal\u012bdz\u0113tu atjaunot dz\u012bvi Ukrain\u0101. Ir risin\u0101jumi, k\u0101 to izdar\u012bt,&#8221; pauda Zelenskis, aicinot Eiropu izr\u0101d\u012bt liel\u0101ku politisko gribu to dar\u012bt.<\/p>\n<p>Zelenskis ar\u012b nor\u0101d\u012bja, ka vi\u0146\u0161 ir apspriedis iesald\u0113to Krievijas akt\u012bvu izmanto\u0161anu Ukrainas aizsardz\u012bbas vajadz\u012bb\u0101m un atjauno\u0161anai p\u0113c Krievijas triecieniem.<\/p>\n","protected":false},"excerpt":{"rendered":"Vieno\u0161an\u0101s pan\u0101kta l\u012bderu telefonsarunas gait\u0101. &#8220;M\u0113s esam gatavi koordin\u0113ti izmantot blo\u0137\u0113tos Krievijas suver\u0113nos akt\u012bvus, lai atbalst\u012btu Ukrainas bru\u0146otos&hellip;\n","protected":false},"author":2,"featured_media":18333,"comment_status":"","ping_status":"","sticky":false,"template":"","format":"standard","meta":{"footnotes":""},"categories":[14],"tags":[23,57,28,29,32,33,1309,22,234,74,30,31,35,39,38,36,37,34,487,40,20,26,27,24,25,276,299,54,55,56,21,58],"class_list":{"0":"post-18332","1":"post","2":"type-post","3":"status-publish","4":"format-standard","5":"has-post-thumbnail","7":"category-zinas-no-arvalstim","8":"tag-aktualitates","9":"tag-arvalstim","10":"tag-breaking-news","11":"tag-breakingnews","12":"tag-featured-news","13":"tag-featurednews","14":"tag-francija","15":"tag-headlines","16":"tag-krievija","17":"tag-krievijas-iebrukums-ukraina","18":"tag-latest-news","19":"tag-latestnews","20":"tag-latvia","21":"tag-latvian","22":"tag-latviesu","23":"tag-latviesu-valoda","24":"tag-latviesuvaloda","25":"tag-latvija","26":"tag-lielbritanija","27":"tag-lv","28":"tag-news","29":"tag-popularakas-zinas","30":"tag-popularakaszinas","31":"tag-top-stories","32":"tag-topstories","33":"tag-ukraina","34":"tag-vacija","35":"tag-world","36":"tag-world-news","37":"tag-worldnews","38":"tag-zinas","39":"tag-zinas-no-arvalstim"},"share_on_mastodon":{"url":"","error":""},"_links":{"self":[{"href":"https:\/\/www.europesays.com\/lv\/wp-json\/wp\/v2\/posts\/18332","targetHints":{"allow":["GET"]}}],"collection":[{"href":"https:\/\/www.europesays.com\/lv\/wp-json\/wp\/v2\/posts"}],"about":[{"href":"https:\/\/www.europesays.com\/lv\/wp-json\/wp\/v2\/types\/post"}],"author":[{"embeddable":true,"href":"https:\/\/www.europesays.com\/lv\/wp-json\/wp\/v2\/users\/2"}],"replies":[{"embeddable":true,"href":"https:\/\/www.europesays.com\/lv\/wp-json\/wp\/v2\/comments?post=18332"}],"version-history":[{"count":0,"href":"https:\/\/www.europesays.com\/lv\/wp-json\/wp\/v2\/posts\/18332\/revisions"}],"wp:featuredmedia":[{"embeddable":true,"href":"https:\/\/www.europesays.com\/lv\/wp-json\/wp\/v2\/media\/18333"}],"wp:attachment":[{"href":"https:\/\/www.europesays.com\/lv\/wp-json\/wp\/v2\/media?parent=18332"}],"wp:term":[{"taxonomy":"category","embeddable":true,"href":"https:\/\/www.europesays.com\/lv\/wp-json\/wp\/v2\/categories?post=18332"},{"taxonomy":"post_tag","embeddable":true,"href":"https:\/\/www.europesays.com\/lv\/wp-json\/wp\/v2\/tags?post=18332"}],"curies":[{"name":"wp","href":"https:\/\/api.w.org\/{rel}","templated":true}]}}