{"id":18348,"date":"2025-10-11T12:43:08","date_gmt":"2025-10-11T12:43:08","guid":{"rendered":"https:\/\/www.europesays.com\/lv\/18348\/"},"modified":"2025-10-11T12:43:08","modified_gmt":"2025-10-11T12:43:08","slug":"legendu-nakts-dzires-valmieras-novada-muizas","status":"publish","type":"post","link":"https:\/\/www.europesays.com\/lv\/18348\/","title":{"rendered":"Le\u0123endu nakts dz\u012bres Valmieras novada mui\u017e\u0101s"},"content":{"rendered":"<p>25. oktobr\u012b Latvijas pil\u012bs un mui\u017e\u0101s norisin\u0101sies ikgad\u0113jie Le\u0123endu nakts notikumi. \u0160ogad ar t\u0113mu \u201cDz\u012bres\u201d t\u0101 tiks atz\u012bm\u0113ta kr\u0101\u0161\u0146\u0101 un daudzpus\u012bg\u0101 pied\u0101v\u0101jum\u0101 vis\u0101 Latvij\u0101, tostarp Valmieras novad\u0101.<\/p>\n<p>Plkst. 19.00 J\u0113rc\u0113nmui\u017eas Freile\u0146u m\u0101ju piepild\u012bs svin\u012bga viesm\u012bl\u012bba, ko pavad\u012bs m\u016bzi\u0137es Signes Balteres un Kl\u0101va Gulbja samtaini muzik\u0101lais skan\u0113jums. Ieeja pas\u0101kum\u0101 bez maksas.<\/p>\n<p>S\u0113\u013cu mui\u017e\u0101 dz\u012bres ies\u0101ksies plkst. 18.00 ar Valmieras muzeja novadp\u0113tniec\u012bbas un apmekl\u0113t\u0101ju centra vad\u012bt\u0101jas Ingr\u012bdas Z\u012bri\u0146as v\u0113stures st\u0101st\u012bjumu \u201cIevads Idus mui\u017eas v\u0113stur\u0113\u201d. Savuk\u0101rt no plkst.19.00 vakars turpin\u0101sies ar vilino\u0161i skan\u012bgu koncertu kamerkora \u201cKa\u0137i\u201d (vad\u012bt\u0101ja Inga Zirne) izpild\u012bjum\u0101. Pirms un p\u0113c pas\u0101kuma b\u016bs iesp\u0113jams izstaig\u0101t S\u0113\u013cu mui\u017eas teritoriju un apl\u016bkot da\u017e\u0101das izst\u0101des:<\/p>\n<p>    \u2022 Ivetas Tirz\u012btes gleznu izst\u0101di \u201cRei\u0146a ielas gar\u0101\u017ea\u201d (Lielaj\u0101 un Za\u013caj\u0101 z\u0101l\u0113);<\/p>\n<p>    \u2022 Laimo\u0146a Cepur\u012b\u0161a keramikas izst\u0101di \u201cAr sirdi pie m\u0101la\u201d (Velvju z\u0101l\u0113);<\/p>\n<p>    \u2022 R\u016bjienas Lieti\u0161\u0137\u0101s m\u0101kslas studijas dal\u012bbnieku tekstilm\u0101kslas darbu izst\u0101di \u201cLina zieds\u201d (Izst\u0101\u017eu z\u0101l\u0113);<\/p>\n<p>    \u2022 R\u016bjienas tautskolas M\u0101kslas kursa dal\u012bbnieku izst\u0101di \u201cPutnu balle 2\u201d (Mui\u017eas kl\u0113t\u012b).<\/p>\n<p>Le\u0123endu nakts dz\u012bro\u0161ana Valmiermiermui\u017e\u0101 notiks no plkst.18.00 l\u012bdz 20.00. <\/p>\n<p>St\u0101stus un notikumus par sv\u0113tku svin\u0113\u0161anu sendien\u0101s un m\u016bsdien\u0101s pil\u012bs un mui\u017e\u0101s vis\u0101 Latvij\u0101 aicin\u0101m iepaz\u012bt Latvijas Pi\u013cu un mui\u017eu asoci\u0101cijas t\u012bmek\u013cvietn\u0113 pilis.lv\/home\/projekti\/. <\/p>\n<p><img decoding=\"async\" src=\"https:\/\/www.europesays.com\/lv\/wp-content\/uploads\/2025\/10\/6ee1940ab6f533745ad52bb6e290f37a.jpg\" title=\"J\u0113rc\u0113nmui\u017ea. Foto: Publicit\u0101tes att\u0113ls\" alt=\"J\u0113rc\u0113nmui\u017ea. Foto: Publicit\u0101tes att\u0113ls\"\/><\/p>\n<p class=\"article-img-desc\">J\u0113rc\u0113nmui\u017ea. Foto: Publicit\u0101tes att\u0113ls<\/p>\n","protected":false},"excerpt":{"rendered":"25. oktobr\u012b Latvijas pil\u012bs un mui\u017e\u0101s norisin\u0101sies ikgad\u0113jie Le\u0123endu nakts notikumi. \u0160ogad ar t\u0113mu \u201cDz\u012bres\u201d t\u0101 tiks atz\u012bm\u0113ta&hellip;\n","protected":false},"author":2,"featured_media":18349,"comment_status":"","ping_status":"","sticky":false,"template":"","format":"standard","meta":{"footnotes":""},"categories":[12],"tags":[129,2944,5984,23,28,29,32,33,22,30,31,35,39,38,36,37,34,40,20,26,27,2945,5985,2946,5986,24,25,21],"class_list":{"0":"post-18348","1":"post","2":"type-post","3":"status-publish","4":"format-standard","5":"has-post-thumbnail","7":"category-latvija","8":"tag-__typenameadvicekeyword","9":"tag-id457","10":"tag-id560","11":"tag-aktualitates","12":"tag-breaking-news","13":"tag-breakingnews","14":"tag-featured-news","15":"tag-featurednews","16":"tag-headlines","17":"tag-latest-news","18":"tag-latestnews","19":"tag-latvia","20":"tag-latvian","21":"tag-latviesu","22":"tag-latviesu-valoda","23":"tag-latviesuvaloda","24":"tag-latvija","25":"tag-lv","26":"tag-news","27":"tag-popularakas-zinas","28":"tag-popularakaszinas","29":"tag-slugmeasures","30":"tag-slugvalmiera","31":"tag-titlemeasures","32":"tag-titlevalmiera","33":"tag-top-stories","34":"tag-topstories","35":"tag-zinas"},"share_on_mastodon":{"url":"","error":""},"_links":{"self":[{"href":"https:\/\/www.europesays.com\/lv\/wp-json\/wp\/v2\/posts\/18348","targetHints":{"allow":["GET"]}}],"collection":[{"href":"https:\/\/www.europesays.com\/lv\/wp-json\/wp\/v2\/posts"}],"about":[{"href":"https:\/\/www.europesays.com\/lv\/wp-json\/wp\/v2\/types\/post"}],"author":[{"embeddable":true,"href":"https:\/\/www.europesays.com\/lv\/wp-json\/wp\/v2\/users\/2"}],"replies":[{"embeddable":true,"href":"https:\/\/www.europesays.com\/lv\/wp-json\/wp\/v2\/comments?post=18348"}],"version-history":[{"count":0,"href":"https:\/\/www.europesays.com\/lv\/wp-json\/wp\/v2\/posts\/18348\/revisions"}],"wp:featuredmedia":[{"embeddable":true,"href":"https:\/\/www.europesays.com\/lv\/wp-json\/wp\/v2\/media\/18349"}],"wp:attachment":[{"href":"https:\/\/www.europesays.com\/lv\/wp-json\/wp\/v2\/media?parent=18348"}],"wp:term":[{"taxonomy":"category","embeddable":true,"href":"https:\/\/www.europesays.com\/lv\/wp-json\/wp\/v2\/categories?post=18348"},{"taxonomy":"post_tag","embeddable":true,"href":"https:\/\/www.europesays.com\/lv\/wp-json\/wp\/v2\/tags?post=18348"}],"curies":[{"name":"wp","href":"https:\/\/api.w.org\/{rel}","templated":true}]}}