{"id":183505,"date":"2026-04-20T22:09:10","date_gmt":"2026-04-20T22:09:10","guid":{"rendered":"https:\/\/www.europesays.com\/lv\/183505\/"},"modified":"2026-04-20T22:09:10","modified_gmt":"2026-04-20T22:09:10","slug":"davana-no-karalnama-%e2%9f%a9-elizabetes-ii-terpu-izstade-kuru-daudzi-ta-ari-neredzes","status":"publish","type":"post","link":"https:\/\/www.europesays.com\/lv\/183505\/","title":{"rendered":"D\u0100VANA NO KARA\u013bNAMA \u27e9 Elizabetes II t\u0113rpu izst\u0101de, kuru daudzi t\u0101 ar\u012b neredz\u0113s"},"content":{"rendered":"<p>Britu monarhijas elegance, discipl\u012bna un klusin\u0101ta grezn\u012bba vienuviet \u2014 izst\u0101de \u201cQueen Elizabeth II: Her Life in Style\u201d pied\u0101v\u0101 reti int\u012bmu ieskatu vienas no ietekm\u012bg\u0101kaj\u0101m 20. un 21. gadsimta sieviet\u0113m garderob\u0113. \u012apa\u0161u noz\u012bmi tai pie\u0161\u0137ir fakts, ka t\u0101 veidota, atz\u012bm\u0113jot karalienes Elizabetes II 100. dzim\u0161anas dienas gadu \u2014 simbolisku pieturz\u012bmi valdnieces m\u016b\u017e\u0101, kura dzimusi \u0161odien &#8211; 21. apr\u012bl\u012b pirms simts gadiem!<\/p>\n<p>Sadarb\u012bb\u0101 ar Royal Collection Trust preses biroju TVNET+ ir unik\u0101la iesp\u0113ja \u013caut jums apl\u016bkjot tuvum\u0101 liel\u0101ko da\u013cu ekspoz\u012bcijas. Visnoz\u012bm\u012bg\u0101kos t\u0113rpus un aksesu\u0101rus!<\/p>\n","protected":false},"excerpt":{"rendered":"Britu monarhijas elegance, discipl\u012bna un klusin\u0101ta grezn\u012bba vienuviet \u2014 izst\u0101de \u201cQueen Elizabeth II: Her Life in Style\u201d pied\u0101v\u0101&hellip;\n","protected":false},"author":2,"featured_media":183506,"comment_status":"","ping_status":"","sticky":false,"template":"","format":"standard","meta":{"footnotes":"","_share_on_mastodon":"0"},"categories":[19],"tags":[27672,89,90,7966,5615,1641,34842,35,39,38,36,37,34,40,175],"class_list":["post-183505","post","type-post","status-publish","format-standard","has-post-thumbnail","category-izklaide","tag-britu-karalnams","tag-entertainment","tag-izklaide","tag-karaliene-elizabete-ii","tag-karaliska-etikete","tag-karaliska-gimene","tag-karaliska-grezniba","tag-latvia","tag-latvian","tag-latviesu","tag-latviesu-valoda","tag-latviesuvaloda","tag-latvija","tag-lv","tag-mode"],"share_on_mastodon":{"url":"https:\/\/pubeurope.com\/@lv\/116439322866413864","error":""},"_links":{"self":[{"href":"https:\/\/www.europesays.com\/lv\/wp-json\/wp\/v2\/posts\/183505","targetHints":{"allow":["GET"]}}],"collection":[{"href":"https:\/\/www.europesays.com\/lv\/wp-json\/wp\/v2\/posts"}],"about":[{"href":"https:\/\/www.europesays.com\/lv\/wp-json\/wp\/v2\/types\/post"}],"author":[{"embeddable":true,"href":"https:\/\/www.europesays.com\/lv\/wp-json\/wp\/v2\/users\/2"}],"replies":[{"embeddable":true,"href":"https:\/\/www.europesays.com\/lv\/wp-json\/wp\/v2\/comments?post=183505"}],"version-history":[{"count":0,"href":"https:\/\/www.europesays.com\/lv\/wp-json\/wp\/v2\/posts\/183505\/revisions"}],"wp:featuredmedia":[{"embeddable":true,"href":"https:\/\/www.europesays.com\/lv\/wp-json\/wp\/v2\/media\/183506"}],"wp:attachment":[{"href":"https:\/\/www.europesays.com\/lv\/wp-json\/wp\/v2\/media?parent=183505"}],"wp:term":[{"taxonomy":"category","embeddable":true,"href":"https:\/\/www.europesays.com\/lv\/wp-json\/wp\/v2\/categories?post=183505"},{"taxonomy":"post_tag","embeddable":true,"href":"https:\/\/www.europesays.com\/lv\/wp-json\/wp\/v2\/tags?post=183505"}],"curies":[{"name":"wp","href":"https:\/\/api.w.org\/{rel}","templated":true}]}}