{"id":18383,"date":"2025-10-11T13:35:08","date_gmt":"2025-10-11T13:35:08","guid":{"rendered":"https:\/\/www.europesays.com\/lv\/18383\/"},"modified":"2025-10-11T13:35:08","modified_gmt":"2025-10-11T13:35:08","slug":"leta-darbaspeka-laiks-baltijas-ekonomika-ir-beidzies-dienas-bizness-2","status":"publish","type":"post","link":"https:\/\/www.europesays.com\/lv\/18383\/","title":{"rendered":"L\u0113t\u0101 darbasp\u0113ka laiks Baltijas ekonomik\u0101 ir beidzies :: Dienas Bizness"},"content":{"rendered":"<p class=\"text-font font-size--text-xlarge margin-3--bottom font-weight--bold padding-1--top\">Straujais izmaksu pieaugums Baltij\u0101 liecina, ka l\u0113t\u0101 darbasp\u0113ka priek\u0161roc\u012bba izs\u012bkst \u2013 tas atspogu\u013cojas pakalpojumu cenu k\u0101pum\u0101 un eksporta nozares konkur\u0113tsp\u0113j\u0101, nor\u0101da \u201cBigbank\u201d galvenais ekonomists Rauls Eametss.<\/p>\n<p class=\"text-font font-size--text-xlarge margin-3--bottom\">Septembr\u012b statistikas birojs \u201cEurostat\u201d public\u0113ja darbasp\u0113ka izmaksu indeksa r\u0101d\u012bt\u0101jus par 2025. gada otro ceturksni. Tas b\u016bt\u012bb\u0101 ir algu p\u0101rskats, kam pievienotas citas ar darbasp\u0113ku saist\u012bt\u0101s izmaksas \u2013 nodok\u013ci, subs\u012bdijas, pabalsti. \u0160\u012b indeksa dinamika par\u0101da, cik \u0101tri Eiropas Savien\u012bb\u0101 augu\u0161as darbasp\u0113ka izmaksas, sal\u012bdzinot ar attiec\u012bgo periodu p\u0113rn.<\/p>\n<p class=\"text-font font-size--text-xlarge margin-3--bottom\">J\u0101atz\u012bst, pieaugums ir iespaid\u012bgs. Igaunija ar 10,3 % un Lietuva ar 9,4 % k\u0101pumu ir starp valst\u012bm, kur\u0101s darbasp\u0113ka izmaksas augu\u0161as visstrauj\u0101k. Igaunija piek\u0101pusies vien Bulg\u0101rijai, Ung\u0101rijai un Rum\u0101nijai. Ar\u012b Latvij\u0101 vid\u0113j\u0101s stundas darbasp\u0113ka izmaksas k\u013cuvu\u0161as par 8,7 % augst\u0101kas. Baltijas valst\u012bs nov\u0113rotais pieaugums bijis strauj\u0101ks nek\u0101 Eiropas Savien\u012bb\u0101 vid\u0113ji, kur redzam 4 % k\u0101pumu, vai eirozon\u0101, kur izmaksas palielin\u0101ju\u0161\u0101s par 3,6 %.<\/p>\n<p class=\"text-font font-size--text-xlarge margin-3--bottom\">Viena no jom\u0101m, kur\u0101 redzam izteiktu pieaugumu, ir pakalpojumu nozare. Latvij\u0101 \u0161aj\u0101 segment\u0101 v\u0113rojams 8,3 % k\u0101pums, Lietuv\u0101 8,4 %, savuk\u0101rt Igaunija uz Baltijas fona izce\u013cas ar 12,5 % pieaugumu. Pakalpojumu, tostarp inform\u0101cijas, komunik\u0101cijas, vesel\u012bbas, izgl\u012bt\u012bbas, nekustam\u0101 \u012bpa\u0161uma u.c., nozares ar straujo cenu pieaugumu ir galvenok\u0101rt v\u0113rstas uz viet\u0113jo tirgu.<\/p>\n<p class=\"text-font font-size--text-xlarge margin-3--bottom\">\u0160is k\u0101pums tie\u0161i ietekm\u0113 ar\u012b pakalpojumu cenas, un tas cie\u0161i saist\u0101s ar\u012b ar atalgojuma pieaugumu. M\u0113ne\u0161a vid\u0113j\u0101 darba samaksa pirms nodok\u013cu nomaksas Latvij\u0101 \u0161\u0101 gada pirmaj\u0101 ceturksn\u012b bija 1 757 eiro. Otraj\u0101 ceturksn\u012b t\u0101 bija pieaugusi jau l\u012bdz 1 808 eiro, kas ir par 137 eiro jeb 8,2 % vair\u0101k nek\u0101 attiec\u012bgaj\u0101 period\u0101 p\u0113rn, liecina Ofici\u0101l\u0101s statistikas port\u0101la datub\u0101ze.<\/p>\n<p class=\"text-font font-size--text-xlarge margin-3--bottom\">Tikm\u0113r Lietuv\u0101 m\u0113ne\u0161a vid\u0113jais atalgojums pirms nodok\u013cu nomaksas \u0161\u0101 gada pirmaj\u0101 ceturksn\u012b bija 2337,7 eiro, savuk\u0101rt otraj\u0101 ceturksn\u012b tas pieauga l\u012bdz 2387 eiro, kas ir par 8,7 % vair\u0101k nek\u0101 pirms gada. Savuk\u0101rt Igaunij\u0101 m\u0113ne\u0161a bruto alga \u0161\u0101 gada pirmaj\u0101 ceturksn\u012b bija 2011 eiro, bet otraj\u0101 \u2013 2126 eiro, uzr\u0101dot tikai 5,9 % pieaugumu sal\u012bdzin\u0101jum\u0101 ar to pa\u0161u periodu p\u0113rn, liecina valstu ofici\u0101l\u0101s statistikas port\u0101li.<\/p>\n<p class=\"text-font font-size--text-xlarge margin-3--bottom\">Ar\u012b b\u016bvniec\u012bb\u0101 str\u0101d\u0101jo\u0161o nodarbin\u0101\u0161ana k\u013cuvusi krietni d\u0101rg\u0101ka \u2013 Latvij\u0101 re\u0123istr\u0113ts izmaksu pieaugums par 10,1 %, Lietuv\u0101 par 8,1 %, bet visstrauj\u0101kais tas bijis Igaunij\u0101 \u2013 13,3 %. T\u0101pat sad\u0101rdzin\u0101jums v\u0113rojams r\u016bpniec\u012bb\u0101. Igaunij\u0101 re\u0123istr\u0113ts 10,1 % k\u0101pums, bet Latvij\u0101 un Lietuv\u0101 \u2013 9,1 %. J\u0101patur pr\u0101t\u0101, ka r\u016bpniec\u012bba p\u0101rsvar\u0101 v\u0113rsta uz eksportu. Redzams, ka m\u016bsu eksporta nozares konkur\u0113tsp\u0113ja ir diezgan strauji kritusies un arvien gr\u016bt\u0101k ir g\u016bt pan\u0101kumus \u0101rvalstu tirg\u016b tikai ar cenu.<\/p>\n<p class=\"text-font font-size--text-xlarge margin-3--bottom\">L\u0113t\u0101 darbasp\u0113ka laiks Baltijas ekonomik\u0101 ir beidzies. Ticams, ka turpm\u0101k m\u016bsu konkur\u0113tsp\u0113ju noteiks nevis zem\u0101kas izmaksas, bet gan sp\u0113ja str\u0101d\u0101t gudr\u0101k un pied\u0101v\u0101t liel\u0101ku pievienoto v\u0113rt\u012bbu.<\/p>\n","protected":false},"excerpt":{"rendered":"Straujais izmaksu pieaugums Baltij\u0101 liecina, ka l\u0113t\u0101 darbasp\u0113ka priek\u0161roc\u012bba izs\u012bkst \u2013 tas atspogu\u013cojas pakalpojumu cenu k\u0101pum\u0101 un eksporta&hellip;\n","protected":false},"author":2,"featured_media":17454,"comment_status":"","ping_status":"","sticky":false,"template":"","format":"standard","meta":{"footnotes":""},"categories":[16],"tags":[869,77,870,76,867,35,39,38,36,37,34,871,868,40,21],"class_list":{"0":"post-18383","1":"post","2":"type-post","3":"status-publish","4":"format-standard","5":"has-post-thumbnail","7":"category-bizness","8":"tag-biznesa-zinas","9":"tag-bizness","10":"tag-bizness-latvija","11":"tag-business","12":"tag-dienas-zinas","13":"tag-latvia","14":"tag-latvian","15":"tag-latviesu","16":"tag-latviesu-valoda","17":"tag-latviesuvaloda","18":"tag-latvija","19":"tag-latvijas-biznesa-zinas","20":"tag-latvijas-zinas","21":"tag-lv","22":"tag-zinas"},"share_on_mastodon":{"url":"","error":""},"_links":{"self":[{"href":"https:\/\/www.europesays.com\/lv\/wp-json\/wp\/v2\/posts\/18383","targetHints":{"allow":["GET"]}}],"collection":[{"href":"https:\/\/www.europesays.com\/lv\/wp-json\/wp\/v2\/posts"}],"about":[{"href":"https:\/\/www.europesays.com\/lv\/wp-json\/wp\/v2\/types\/post"}],"author":[{"embeddable":true,"href":"https:\/\/www.europesays.com\/lv\/wp-json\/wp\/v2\/users\/2"}],"replies":[{"embeddable":true,"href":"https:\/\/www.europesays.com\/lv\/wp-json\/wp\/v2\/comments?post=18383"}],"version-history":[{"count":0,"href":"https:\/\/www.europesays.com\/lv\/wp-json\/wp\/v2\/posts\/18383\/revisions"}],"wp:featuredmedia":[{"embeddable":true,"href":"https:\/\/www.europesays.com\/lv\/wp-json\/wp\/v2\/media\/17454"}],"wp:attachment":[{"href":"https:\/\/www.europesays.com\/lv\/wp-json\/wp\/v2\/media?parent=18383"}],"wp:term":[{"taxonomy":"category","embeddable":true,"href":"https:\/\/www.europesays.com\/lv\/wp-json\/wp\/v2\/categories?post=18383"},{"taxonomy":"post_tag","embeddable":true,"href":"https:\/\/www.europesays.com\/lv\/wp-json\/wp\/v2\/tags?post=18383"}],"curies":[{"name":"wp","href":"https:\/\/api.w.org\/{rel}","templated":true}]}}