{"id":183849,"date":"2026-04-21T08:56:11","date_gmt":"2026-04-21T08:56:11","guid":{"rendered":"https:\/\/www.europesays.com\/lv\/183849\/"},"modified":"2026-04-21T08:56:11","modified_gmt":"2026-04-21T08:56:11","slug":"am-nav-sanemusi-informaciju-no-asv-par-brunojuma-piegazu-terminu-mainu","status":"publish","type":"post","link":"https:\/\/www.europesays.com\/lv\/183849\/","title":{"rendered":"AM nav sa\u0146\u0113musi inform\u0101ciju no ASV par bru\u0146ojuma pieg\u0101\u017eu termi\u0146u mai\u0146u"},"content":{"rendered":"<p>Da\u017eus no attiec\u012bgajiem iero\u010diem Eiropas valstis ir ieg\u0101d\u0101ju\u0161\u0101s saska\u0146\u0101 ar programmu &#8220;Milit\u0101r\u0101 tirdzniec\u012bba ar \u0101rvalst\u012bm&#8221; (Foreign Military Sales, FMS), bet tie v\u0113l nav pieg\u0101d\u0101ti, piebilda avoti.<\/p>\n<p>ASV p\u0101rst\u0101vji Eiropas amatperson\u0101m paudu\u0161i, ka \u0161\u012bs pieg\u0101des, visticam\u0101k, kav\u0113sies, zi\u0146oja avoti. Iero\u010du pieg\u0101\u017eu paredzam\u0101 kav\u0113\u0161an\u0101s liecina, cik liel\u0101 m\u0113r\u0101 Ir\u0101nas kara d\u0113\u013c saruku\u0161as ASV kritiski svar\u012bg\u0101 bru\u0146ojuma rezerves, nor\u0101da &#8220;Reuters&#8221;.<\/p>\n<p>&#8220;Reuters&#8221; avoti run\u0101ja ar nosac\u012bjumu, ka netiks min\u0113tas konkr\u0113tas valstis, ko skar pieg\u0101\u017eu kav\u0113\u0161an\u0101s. Da\u017e\u0101m no t\u0101m ir kop\u012bga robe\u017ea ar Krieviju, un t\u0101p\u0113c iero\u010du pieg\u0101\u017eu grafiku var uzskat\u012bt par sensit\u012bvu aizsardz\u012bbas inform\u0101ciju. Iero\u010du vid\u016b, kuru pieg\u0101des kav\u0113jas, ir da\u017e\u0101da veida mun\u012bcija, ar\u012b mun\u012bcija, ko var izmantot gan uzbrukuma, gan aizsardz\u012bbas m\u0113r\u0137iem, nor\u0101d\u012bja avoti.<\/p>\n<p>17. apr\u012bl\u012b tik\u0161an\u0101s laik\u0101 Tallin\u0101 Igaunijas un Lietuvas vald\u012bbu vad\u012bt\u0101ji atzina iesp\u0113jamu ASV bru\u0146ojuma pieg\u0101\u017eu kav\u0113\u0161anos, savuk\u0101rt Latvijas premjere Evika Sili\u0146a (JV) kl\u0101st\u012bja, ka ofici\u0101las inform\u0101cijas neesot.<\/p>\n","protected":false},"excerpt":{"rendered":"Da\u017eus no attiec\u012bgajiem iero\u010diem Eiropas valstis ir ieg\u0101d\u0101ju\u0161\u0101s saska\u0146\u0101 ar programmu &#8220;Milit\u0101r\u0101 tirdzniec\u012bba ar \u0101rvalst\u012bm&#8221; (Foreign Military Sales,&hellip;\n","protected":false},"author":2,"featured_media":183850,"comment_status":"","ping_status":"","sticky":false,"template":"","format":"standard","meta":{"footnotes":"","_share_on_mastodon":"0"},"categories":[14],"tags":[626,23,57,722,28,29,9482,32,33,22,30,31,35,39,38,36,37,34,40,20,26,27,24,25,54,55,56,21,58],"class_list":["post-183849","post","type-post","status-publish","format-standard","has-post-thumbnail","category-zinas-no-arvalstim","tag-aizsardzibas-ministrija","tag-aktualitates","tag-arvalstim","tag-baltijas-valstis","tag-breaking-news","tag-breakingnews","tag-brunojums","tag-featured-news","tag-featurednews","tag-headlines","tag-latest-news","tag-latestnews","tag-latvia","tag-latvian","tag-latviesu","tag-latviesu-valoda","tag-latviesuvaloda","tag-latvija","tag-lv","tag-news","tag-popularakas-zinas","tag-popularakaszinas","tag-top-stories","tag-topstories","tag-world","tag-world-news","tag-worldnews","tag-zinas","tag-zinas-no-arvalstim"],"share_on_mastodon":{"url":"https:\/\/pubeurope.com\/@lv\/116441866831907633","error":""},"_links":{"self":[{"href":"https:\/\/www.europesays.com\/lv\/wp-json\/wp\/v2\/posts\/183849","targetHints":{"allow":["GET"]}}],"collection":[{"href":"https:\/\/www.europesays.com\/lv\/wp-json\/wp\/v2\/posts"}],"about":[{"href":"https:\/\/www.europesays.com\/lv\/wp-json\/wp\/v2\/types\/post"}],"author":[{"embeddable":true,"href":"https:\/\/www.europesays.com\/lv\/wp-json\/wp\/v2\/users\/2"}],"replies":[{"embeddable":true,"href":"https:\/\/www.europesays.com\/lv\/wp-json\/wp\/v2\/comments?post=183849"}],"version-history":[{"count":0,"href":"https:\/\/www.europesays.com\/lv\/wp-json\/wp\/v2\/posts\/183849\/revisions"}],"wp:featuredmedia":[{"embeddable":true,"href":"https:\/\/www.europesays.com\/lv\/wp-json\/wp\/v2\/media\/183850"}],"wp:attachment":[{"href":"https:\/\/www.europesays.com\/lv\/wp-json\/wp\/v2\/media?parent=183849"}],"wp:term":[{"taxonomy":"category","embeddable":true,"href":"https:\/\/www.europesays.com\/lv\/wp-json\/wp\/v2\/categories?post=183849"},{"taxonomy":"post_tag","embeddable":true,"href":"https:\/\/www.europesays.com\/lv\/wp-json\/wp\/v2\/tags?post=183849"}],"curies":[{"name":"wp","href":"https:\/\/api.w.org\/{rel}","templated":true}]}}