{"id":18388,"date":"2025-10-11T13:44:14","date_gmt":"2025-10-11T13:44:14","guid":{"rendered":"https:\/\/www.europesays.com\/lv\/18388\/"},"modified":"2025-10-11T13:44:14","modified_gmt":"2025-10-11T13:44:14","slug":"asv-sniedz-baltijas-valstim-nozimigu-drosibas-atbalstu","status":"publish","type":"post","link":"https:\/\/www.europesays.com\/lv\/18388\/","title":{"rendered":"ASV sniedz Baltijas valst\u012bm noz\u012bm\u012bgu dro\u0161\u012bbas atbalstu"},"content":{"rendered":"<p>Vi\u0146\u0161 uzsv\u0113ra, ka \u013coti pozit\u012bvi to var v\u0113rt\u0113t to, ka ASV Sen\u0101ts nobalsojis par aizsardz\u012bbas bud\u017eeta pl\u0101nu 925 miljardu dol\u0101ru (800 miljardu eiro) apm\u0113r\u0101, no kuriem 350 miljoni dol\u0101ru paredz\u0113ti Baltijas dro\u0161\u012bbas iniciat\u012bvai. Tas par\u0101da, ka gan pa\u0161\u0101 kongres\u0101, gan apak\u0161pal\u0101t\u0101 ir atbalsta Baltijas valst\u012bm dro\u0161\u012bbas jom\u0101.<\/p>\n<p>K\u0101 st\u0101st\u012bja Spr\u016bds, tas par\u0101da, ka Latvija ir akt\u012bvi iest\u0101jusies par finans\u0113jumu Baltijas valst\u012bm. Turkl\u0101t Latvijai ir svar\u012bgi sadarboties ar\u012b ar ASV administr\u0101ciju un pentagonu. &#8220;M\u0113s to turpin\u0101sim dar\u012bt, jo ir konkr\u0113ti pas\u0101kumi, ko jau esam veiku\u0161i kop\u0101 ar ASV partneriem,&#8221; teica Spr\u016bds.<\/p>\n<p>Vi\u0146\u0161 ari teica, ka par ASV bud\u017eeta pl\u0101nu v\u0113l j\u0101v\u0113rt\u0113 abu pal\u0101tu komisij\u0101m, k\u0101 ar\u012b to j\u0101paraksta ASV prezidentam. &#8220;M\u0113s turpin\u0101sim iest\u0101ties, ka tas stiprina m\u016bsu strat\u0113\u0123isko sadarb\u012bbu. Turpin\u0101sim akt\u012bvi sadarboties ar ASV,&#8221; st\u0101st\u012bja Spr\u016bds.<\/p>\n<p>Ministrs piebilda, ka 350 miljoni ASV dol\u0101ru uz vis\u0101m Baltijas valst\u012bm noz\u012bm\u0113 nedaudz virs 100 miljoniem eiro katrai valstij, bet vienlaikus ar\u012b pa\u0161iem j\u0101iegulda sav\u0101 aizsardz\u012bb\u0101.<\/p>\n<p>&#8220;Tas ir tas, ko ASV sagaida. Ka ar\u012b m\u0113s uz\u0146emamies atbild\u012bbu. Mums jau n\u0101kamgad aizsardz\u012bbai paredz\u0113ti 4,9% no iek\u0161zemes kopprodukta (IKP), kas ir virs diviem miljardiem eiro,&#8221; teica Spr\u016bds.<\/p>\n","protected":false},"excerpt":{"rendered":"Vi\u0146\u0161 uzsv\u0113ra, ka \u013coti pozit\u012bvi to var v\u0113rt\u0113t to, ka ASV Sen\u0101ts nobalsojis par aizsardz\u012bbas bud\u017eeta pl\u0101nu 925&hellip;\n","protected":false},"author":2,"featured_media":18389,"comment_status":"","ping_status":"","sticky":false,"template":"","format":"standard","meta":{"footnotes":""},"categories":[5],"tags":[626,23,574,28,29,32,33,22,30,31,35,39,38,36,37,34,40,20,26,27,24,25,21],"class_list":{"0":"post-18388","1":"post","2":"type-post","3":"status-publish","4":"format-standard","5":"has-post-thumbnail","7":"category-aktualitates","8":"tag-aizsardzibas-ministrija","9":"tag-aktualitates","10":"tag-andris-spruds","11":"tag-breaking-news","12":"tag-breakingnews","13":"tag-featured-news","14":"tag-featurednews","15":"tag-headlines","16":"tag-latest-news","17":"tag-latestnews","18":"tag-latvia","19":"tag-latvian","20":"tag-latviesu","21":"tag-latviesu-valoda","22":"tag-latviesuvaloda","23":"tag-latvija","24":"tag-lv","25":"tag-news","26":"tag-popularakas-zinas","27":"tag-popularakaszinas","28":"tag-top-stories","29":"tag-topstories","30":"tag-zinas"},"share_on_mastodon":{"url":"","error":""},"_links":{"self":[{"href":"https:\/\/www.europesays.com\/lv\/wp-json\/wp\/v2\/posts\/18388","targetHints":{"allow":["GET"]}}],"collection":[{"href":"https:\/\/www.europesays.com\/lv\/wp-json\/wp\/v2\/posts"}],"about":[{"href":"https:\/\/www.europesays.com\/lv\/wp-json\/wp\/v2\/types\/post"}],"author":[{"embeddable":true,"href":"https:\/\/www.europesays.com\/lv\/wp-json\/wp\/v2\/users\/2"}],"replies":[{"embeddable":true,"href":"https:\/\/www.europesays.com\/lv\/wp-json\/wp\/v2\/comments?post=18388"}],"version-history":[{"count":0,"href":"https:\/\/www.europesays.com\/lv\/wp-json\/wp\/v2\/posts\/18388\/revisions"}],"wp:featuredmedia":[{"embeddable":true,"href":"https:\/\/www.europesays.com\/lv\/wp-json\/wp\/v2\/media\/18389"}],"wp:attachment":[{"href":"https:\/\/www.europesays.com\/lv\/wp-json\/wp\/v2\/media?parent=18388"}],"wp:term":[{"taxonomy":"category","embeddable":true,"href":"https:\/\/www.europesays.com\/lv\/wp-json\/wp\/v2\/categories?post=18388"},{"taxonomy":"post_tag","embeddable":true,"href":"https:\/\/www.europesays.com\/lv\/wp-json\/wp\/v2\/tags?post=18388"}],"curies":[{"name":"wp","href":"https:\/\/api.w.org\/{rel}","templated":true}]}}