{"id":18392,"date":"2025-10-11T13:50:09","date_gmt":"2025-10-11T13:50:09","guid":{"rendered":"https:\/\/www.europesays.com\/lv\/18392\/"},"modified":"2025-10-11T13:50:09","modified_gmt":"2025-10-11T13:50:09","slug":"noslegusies-rigas-konference-2025","status":"publish","type":"post","link":"https:\/\/www.europesays.com\/lv\/18392\/","title":{"rendered":"Nosl\u0113gusies \u201cR\u012bgas konference 2025\u201d"},"content":{"rendered":"<p>Konferences p\u0113d\u0113j\u0101 dien\u0101, 11. oktobr\u012b, pane\u013cdiskusij\u0101 par tarifiem, r\u016bpniec\u012bbas politiku, ekonomisko dro\u0161\u012bbu un sankciju pakot\u0146u priek\u0161likumiem Eiropas Komisijas ekonomikas un produktivit\u0101tes komis\u0101rs Valdis Dombrovskis nor\u0101d\u012bja:<\/p>\n<blockquote class=\"quote ck-widget\" contenteditable=\"false\">\n<p>&#8220;Diskusijas par jauniem sankciju pakot\u0146u priek\u0161likumiem, tostarp par 19. sankciju pakotni, joproj\u0101m turpin\u0101s. Virz\u012bba ar eso\u0161aj\u0101m sankcij\u0101m ir sare\u017e\u0123\u012bta, ta\u010du ar\u012b risin\u0101jums nav vienk\u0101r\u0161s \u2013 Eiropas Savien\u012bbas darb\u012bbas principi ir nostiprin\u0101ti Eiropas Savien\u012bbas l\u012bgum\u0101, un \u0161o l\u012bgumu iesp\u0113jams main\u012bt tikai ar dal\u012bbvalstu vienot\u012bbu.&#8221;<\/p>\n<\/blockquote>\n<p>Diskusij\u0101 izskan\u0113ja ar\u012b, ka Mario Dragi zi\u0146ojums par Eiropas konkur\u0113tsp\u0113jas n\u0101kotni, ir labs s\u0101kumpunkts ekonomikas atvese\u013co\u0161anai.<\/p>\n<p>Nosl\u0113guma diskusij\u0101 par ANO main\u012bgo lomu sadrumstalot\u0101 pasaul\u0113, kur\u0101 pulc\u0113j\u0101s eksperti no vis\u0101m ANO re\u0123ion\u0101laj\u0101m grup\u0101m, Latvijas \u0101rlietu ministre <a href=\"https:\/\/www.tvnet.lv\/term\/703003\/baiba-braze\" class=\"topicLink\" target=\"_blank\" rel=\"nofollow noopener\">Baiba Bra\u017ee<\/a> pauda: &#8220;Mums ir j\u0101uzlabo ANO Dro\u0161\u012bbas padomes darba metodes, efektivit\u0101te un caurskat\u0101m\u012bba, lai t\u0101 sp\u0113tu risin\u0101t gan milit\u0101rus, gan nemilit\u0101rus draudus. ANO ietvaros katrai valstij ir j\u0101sniedz pienesums un j\u0101uz\u0146emas atbild\u012bba atbilsto\u0161i starptautiskaj\u0101m saist\u012bb\u0101m, atk\u0101rtoti apliecinot, ka t\u0101s ir akt\u012bvas un atbild\u012bgas glob\u0101l\u0101s sist\u0113mas dal\u012bbnieces.&#8221;<\/p>\n<p>Konferences diskusijas ir pieejamas YouTube platform\u0101 <a target=\"_blank\" rel=\"noopener noreferrer nofollow\" href=\"https:\/\/www.youtube.com\/@LATOlatvia\/videos\">\u0161eit<\/a>, k\u0101 ar\u012b Latvijas un starptautisko informat\u012bvo partneru kan\u0101los. \u0160ogad konference norisin\u0101j\u0101s jau 20. gadu p\u0113c k\u0101rtas, pulc\u0113jot vair\u0101k nek\u0101 700 dal\u012bbniekus kl\u0101tien\u0113 no aptuveni 45 valst\u012bm.<\/p>\n<p>R\u012bgas konferenci organiz\u0113 Latvijas Transatlantisk\u0101 organiz\u0101cija (LATO) sadarb\u012bb\u0101 ar Latvijas \u0100rlietu ministriju un Aizsardz\u012bbas ministriju, k\u0101 ar\u012b Latvijas Universit\u0101ti, Eiropas Komisijas p\u0101rst\u0101vniec\u012bbu Latvij\u0101 un Konr\u0101da Adenauera fondu. Konferenci atbalsta Zviedrijas v\u0113stniec\u012bba Latvij\u0101, Francijas v\u0113stniec\u012bba Latvij\u0101, Sp\u0101nijas v\u0113stniec\u012bba Latvij\u0101, V\u0101cijas v\u0113stniec\u012bba Latvij\u0101, N\u012bderlandes v\u0113stniec\u012bba Latvij\u0101, Turcijas v\u0113stniec\u012bba Latvij\u0101, Izra\u0113las v\u0113stniec\u012bba Latvij\u0101 un Kan\u0101das v\u0113stniec\u012bba Latvij\u0101.<\/p>\n","protected":false},"excerpt":{"rendered":"Konferences p\u0113d\u0113j\u0101 dien\u0101, 11. oktobr\u012b, pane\u013cdiskusij\u0101 par tarifiem, r\u016bpniec\u012bbas politiku, ekonomisko dro\u0161\u012bbu un sankciju pakot\u0146u priek\u0161likumiem Eiropas Komisijas&hellip;\n","protected":false},"author":2,"featured_media":18393,"comment_status":"","ping_status":"","sticky":false,"template":"","format":"standard","meta":{"footnotes":""},"categories":[5],"tags":[23,447,28,29,32,33,22,30,31,35,39,38,36,37,34,40,71,20,26,27,5222,5778,5991,24,25,21],"class_list":{"0":"post-18392","1":"post","2":"type-post","3":"status-publish","4":"format-standard","5":"has-post-thumbnail","7":"category-aktualitates","8":"tag-aktualitates","9":"tag-baiba-braze","10":"tag-breaking-news","11":"tag-breakingnews","12":"tag-featured-news","13":"tag-featurednews","14":"tag-headlines","15":"tag-latest-news","16":"tag-latestnews","17":"tag-latvia","18":"tag-latvian","19":"tag-latviesu","20":"tag-latviesu-valoda","21":"tag-latviesuvaloda","22":"tag-latvija","23":"tag-lv","24":"tag-nato","25":"tag-news","26":"tag-popularakas-zinas","27":"tag-popularakaszinas","28":"tag-rigas-konference","29":"tag-roberta-metsola","30":"tag-robs-bauers","31":"tag-top-stories","32":"tag-topstories","33":"tag-zinas"},"share_on_mastodon":{"url":"","error":""},"_links":{"self":[{"href":"https:\/\/www.europesays.com\/lv\/wp-json\/wp\/v2\/posts\/18392","targetHints":{"allow":["GET"]}}],"collection":[{"href":"https:\/\/www.europesays.com\/lv\/wp-json\/wp\/v2\/posts"}],"about":[{"href":"https:\/\/www.europesays.com\/lv\/wp-json\/wp\/v2\/types\/post"}],"author":[{"embeddable":true,"href":"https:\/\/www.europesays.com\/lv\/wp-json\/wp\/v2\/users\/2"}],"replies":[{"embeddable":true,"href":"https:\/\/www.europesays.com\/lv\/wp-json\/wp\/v2\/comments?post=18392"}],"version-history":[{"count":0,"href":"https:\/\/www.europesays.com\/lv\/wp-json\/wp\/v2\/posts\/18392\/revisions"}],"wp:featuredmedia":[{"embeddable":true,"href":"https:\/\/www.europesays.com\/lv\/wp-json\/wp\/v2\/media\/18393"}],"wp:attachment":[{"href":"https:\/\/www.europesays.com\/lv\/wp-json\/wp\/v2\/media?parent=18392"}],"wp:term":[{"taxonomy":"category","embeddable":true,"href":"https:\/\/www.europesays.com\/lv\/wp-json\/wp\/v2\/categories?post=18392"},{"taxonomy":"post_tag","embeddable":true,"href":"https:\/\/www.europesays.com\/lv\/wp-json\/wp\/v2\/tags?post=18392"}],"curies":[{"name":"wp","href":"https:\/\/api.w.org\/{rel}","templated":true}]}}