{"id":18398,"date":"2025-10-11T14:00:09","date_gmt":"2025-10-11T14:00:09","guid":{"rendered":"https:\/\/www.europesays.com\/lv\/18398\/"},"modified":"2025-10-11T14:00:09","modified_gmt":"2025-10-11T14:00:09","slug":"atkartoti-premjera-amatam-virzitais-lekorni-sola-izveidot-no-partiju-stridiem-brivu-valdibu","status":"publish","type":"post","link":"https:\/\/www.europesays.com\/lv\/18398\/","title":{"rendered":"Atk\u0101rtoti premjera amatam v\u012brz\u012btais Lekorn\u012b sola izveidot no partiju str\u012bdiem br\u012bvu vald\u012bbu"},"content":{"rendered":"<p>&#8220;Es pild\u012b\u0161u savu pien\u0101kumu un neb\u016b\u0161u probl\u0113ma,&#8221; pazi\u0146oja Lekorn\u012b dienu p\u0113c tam, kad prezidents <a href=\"https:\/\/www.tvnet.lv\/term\/555692\/emanuels-makrons\" class=\"topicLink\" target=\"_blank\" rel=\"nofollow noopener\">Emanuels Makrons<\/a> vi\u0146u atkal iec\u0113la amat\u0101 &#8211; tikai \u010detras dienas p\u0113c tam, kad Lekorn\u012b no t\u0101 atk\u0101p\u0101s.<\/p>\n<p>Vi\u0146\u0161 pazi\u0146oja, ka &#8220;visas debates ir iesp\u0113jamas&#8221; par Francijas pensiju sist\u0113mas reform\u0101m, kas ir izrais\u012bju\u0161as kreiso partiju sa\u0161utumu.<\/p>\n<p><a href=\"https:\/\/www.tvnet.lv\/term\/555453\/francija\" class=\"topicLink\" target=\"_blank\" rel=\"nofollow noopener\">Francija<\/a> ir iesl\u012bgusi politisk\u0101 kr\u012bz\u0113, kop\u0161 Makrons p\u0113rn izsludin\u0101ja parlamenta pirmstermi\u0146a v\u0113l\u0113\u0161anas, cerot uz varas konsolid\u0101ciju, bet pan\u0101ca tikai sa\u0161\u0137eltu parlamentu un liel\u0101ku mand\u0101tu skaitu gal\u0113ji lab\u0113jiem.<\/p>\n<p>Lekorn\u012b atk\u0101rtot\u0101 iecel\u0161ana tika uztverta ar sa\u0161utumu.<\/p>\n<p>Nacion\u0101l\u0101s apvien\u012bbas (RN) l\u012bderis \u017dordans Bardela nosauca to par &#8220;sliktu joku&#8221; un sol\u012bja, ka nekav\u0113joties cent\u012bsies pan\u0101kt jaun\u0101s vald\u012bbas izbalso\u0161anu.<\/p>\n<p>Gal\u0113ji kreiso preses sekret\u0101rs sac\u012bja, ka Lekorn\u012b atgrie\u0161an\u0101s ir milz\u012bga nepiekl\u0101j\u012bga \u017eesta demonstr\u0113\u0161ana fran\u010du tautai.<\/p>\n<p>Soci\u0101listi sol\u012bja g\u0101zt Lekorn\u012b vald\u012bbu, ja vi\u0146\u0161 nepiekrit\u012bs atcelt 2023. gada pensiju reformu, kas palielin\u0101ja pension\u0113\u0161an\u0101s vecumu no 62 l\u012bdz 64 gadiem.<\/p>\n<p>Francijas parlaments g\u0101za divus Lekorn\u012b priek\u0161g\u0101j\u0113jus premjera amat\u0101 izdevumu samazin\u0101\u0161anas pas\u0101kumu d\u0113\u013c.<\/p>\n","protected":false},"excerpt":{"rendered":"&#8220;Es pild\u012b\u0161u savu pien\u0101kumu un neb\u016b\u0161u probl\u0113ma,&#8221; pazi\u0146oja Lekorn\u012b dienu p\u0113c tam, kad prezidents Emanuels Makrons vi\u0146u atkal&hellip;\n","protected":false},"author":2,"featured_media":18399,"comment_status":"","ping_status":"","sticky":false,"template":"","format":"standard","meta":{"footnotes":""},"categories":[14],"tags":[23,57,28,29,1310,32,33,1309,22,30,31,35,39,38,36,37,34,40,20,26,27,24,25,54,55,56,21,58],"class_list":{"0":"post-18398","1":"post","2":"type-post","3":"status-publish","4":"format-standard","5":"has-post-thumbnail","7":"category-zinas-no-arvalstim","8":"tag-aktualitates","9":"tag-arvalstim","10":"tag-breaking-news","11":"tag-breakingnews","12":"tag-emanuels-makrons","13":"tag-featured-news","14":"tag-featurednews","15":"tag-francija","16":"tag-headlines","17":"tag-latest-news","18":"tag-latestnews","19":"tag-latvia","20":"tag-latvian","21":"tag-latviesu","22":"tag-latviesu-valoda","23":"tag-latviesuvaloda","24":"tag-latvija","25":"tag-lv","26":"tag-news","27":"tag-popularakas-zinas","28":"tag-popularakaszinas","29":"tag-top-stories","30":"tag-topstories","31":"tag-world","32":"tag-world-news","33":"tag-worldnews","34":"tag-zinas","35":"tag-zinas-no-arvalstim"},"share_on_mastodon":{"url":"","error":""},"_links":{"self":[{"href":"https:\/\/www.europesays.com\/lv\/wp-json\/wp\/v2\/posts\/18398","targetHints":{"allow":["GET"]}}],"collection":[{"href":"https:\/\/www.europesays.com\/lv\/wp-json\/wp\/v2\/posts"}],"about":[{"href":"https:\/\/www.europesays.com\/lv\/wp-json\/wp\/v2\/types\/post"}],"author":[{"embeddable":true,"href":"https:\/\/www.europesays.com\/lv\/wp-json\/wp\/v2\/users\/2"}],"replies":[{"embeddable":true,"href":"https:\/\/www.europesays.com\/lv\/wp-json\/wp\/v2\/comments?post=18398"}],"version-history":[{"count":0,"href":"https:\/\/www.europesays.com\/lv\/wp-json\/wp\/v2\/posts\/18398\/revisions"}],"wp:featuredmedia":[{"embeddable":true,"href":"https:\/\/www.europesays.com\/lv\/wp-json\/wp\/v2\/media\/18399"}],"wp:attachment":[{"href":"https:\/\/www.europesays.com\/lv\/wp-json\/wp\/v2\/media?parent=18398"}],"wp:term":[{"taxonomy":"category","embeddable":true,"href":"https:\/\/www.europesays.com\/lv\/wp-json\/wp\/v2\/categories?post=18398"},{"taxonomy":"post_tag","embeddable":true,"href":"https:\/\/www.europesays.com\/lv\/wp-json\/wp\/v2\/tags?post=18398"}],"curies":[{"name":"wp","href":"https:\/\/api.w.org\/{rel}","templated":true}]}}