{"id":18410,"date":"2025-10-11T14:24:09","date_gmt":"2025-10-11T14:24:09","guid":{"rendered":"https:\/\/www.europesays.com\/lv\/18410\/"},"modified":"2025-10-11T14:24:09","modified_gmt":"2025-10-11T14:24:09","slug":"ziemelkorejas-lideris-dizojas-ar-jaunu-tala-darbibas-radiusa-raketi","status":"publish","type":"post","link":"https:\/\/www.europesays.com\/lv\/18410\/","title":{"rendered":"Zieme\u013ckorejas l\u012bderis di\u017eojas ar jaunu t\u0101la darb\u012bbas r\u0101diusa ra\u0137eti"},"content":{"rendered":"<p>Par\u0101de s\u0101k\u0101s piektdienas vakar\u0101 un ar to tika atz\u012bm\u0113ta valdo\u0161\u0101s Str\u0101dnieku partijas dibin\u0101\u0161anas 80. gadadiena.<\/p>\n<p>Zieme\u013ckorejas valsts mediji sestdien zi\u0146o, ka par\u0101d\u0113 tika demonstr\u0113ta jauna, v\u0113l neizm\u0113\u0123in\u0101ta starpkontinent\u0101l\u0101 ballistisk\u0101 ra\u0137ete &#8220;Hwasong-20&#8221;, ko t\u0101 raksturoja k\u0101 valsts &#8220;jaud\u012bg\u0101ko kodoliero\u010du strat\u0113\u0123isko iero\u010du sist\u0113mu&#8221;.<\/p>\n<p>Uz pjedest\u0101la kop\u0101 ar \u0136\u012bnas, Vjetnamas un Krievijas augsta ranga amatperson\u0101m Kims sav\u0101 uzrun\u0101 pav\u0113st\u012bja, ka armijai &#8220;j\u0101turpina augt par neuzvaramu vien\u012bbu, kas izn\u012bcina visus draudus&#8221;.<\/p>\n<p>Vi\u0146\u0161 ar\u012b uzslav\u0113ja t\u016bksto\u0161iem Zieme\u013ckorejas karav\u012bru, kurus vi\u0146\u0161 nos\u016bt\u012bja uz Krieviju, lai pievienotos t\u0101s karam pret Ukrainu, sakot, ka vi\u0146i demonstr\u0113 &#8220;varon\u012bgu c\u012b\u0146as garu&#8221; un &#8220;ideolo\u0123isku un gar\u012bgu piln\u012bbu&#8221; c\u012b\u0146\u0101 par &#8220;starptautisko taisn\u012bgumu un patiesu mieru&#8221;.<\/p>\n<p>&#8220;Hwasong-20&#8221; ir jaun\u0101kais papildin\u0101jums Kima pieaugo\u0161ajam starpkontinent\u0101lo ra\u0137e\u0161u skaitam.<\/p>\n<p><a href=\"https:\/\/www.apollo.lv\/term\/555914\/ziemelkoreja\" class=\"topicLink\" target=\"_blank\" rel=\"nofollow noopener\">Zieme\u013ckoreja<\/a> p\u0113d\u0113jos gados ir izm\u0113\u0123in\u0101jusi da\u017e\u0101das starpkontinent\u0101l\u0101s ballistisk\u0101s ra\u0137etes, kas potenci\u0101li var\u0113tu sasniegt ASV kontinent\u0101lo da\u013cu.<\/p>\n<p>Par\u0101d\u0113 debit\u0113ja mas\u012bvas ra\u0137etes &#8220;Hwasong-20&#8221;, no kur\u0101m vismaz tr\u012bs tika izvietotas uz 11 asu auto.<\/p>\n","protected":false},"excerpt":{"rendered":"Par\u0101de s\u0101k\u0101s piektdienas vakar\u0101 un ar to tika atz\u012bm\u0113ta valdo\u0161\u0101s Str\u0101dnieku partijas dibin\u0101\u0161anas 80. gadadiena. Zieme\u013ckorejas valsts mediji&hellip;\n","protected":false},"author":2,"featured_media":18411,"comment_status":"","ping_status":"","sticky":false,"template":"","format":"standard","meta":{"footnotes":""},"categories":[14],"tags":[23,57,28,29,32,33,22,30,31,35,39,38,36,37,34,40,20,26,27,24,25,54,55,56,4214,5997,21,58],"class_list":{"0":"post-18410","1":"post","2":"type-post","3":"status-publish","4":"format-standard","5":"has-post-thumbnail","7":"category-zinas-no-arvalstim","8":"tag-aktualitates","9":"tag-arvalstim","10":"tag-breaking-news","11":"tag-breakingnews","12":"tag-featured-news","13":"tag-featurednews","14":"tag-headlines","15":"tag-latest-news","16":"tag-latestnews","17":"tag-latvia","18":"tag-latvian","19":"tag-latviesu","20":"tag-latviesu-valoda","21":"tag-latviesuvaloda","22":"tag-latvija","23":"tag-lv","24":"tag-news","25":"tag-popularakas-zinas","26":"tag-popularakaszinas","27":"tag-top-stories","28":"tag-topstories","29":"tag-world","30":"tag-world-news","31":"tag-worldnews","32":"tag-ziemelkoreja","33":"tag-ziemelkorejas-un-dienvidkorejas-konflikts","34":"tag-zinas","35":"tag-zinas-no-arvalstim"},"share_on_mastodon":{"url":"","error":""},"_links":{"self":[{"href":"https:\/\/www.europesays.com\/lv\/wp-json\/wp\/v2\/posts\/18410","targetHints":{"allow":["GET"]}}],"collection":[{"href":"https:\/\/www.europesays.com\/lv\/wp-json\/wp\/v2\/posts"}],"about":[{"href":"https:\/\/www.europesays.com\/lv\/wp-json\/wp\/v2\/types\/post"}],"author":[{"embeddable":true,"href":"https:\/\/www.europesays.com\/lv\/wp-json\/wp\/v2\/users\/2"}],"replies":[{"embeddable":true,"href":"https:\/\/www.europesays.com\/lv\/wp-json\/wp\/v2\/comments?post=18410"}],"version-history":[{"count":0,"href":"https:\/\/www.europesays.com\/lv\/wp-json\/wp\/v2\/posts\/18410\/revisions"}],"wp:featuredmedia":[{"embeddable":true,"href":"https:\/\/www.europesays.com\/lv\/wp-json\/wp\/v2\/media\/18411"}],"wp:attachment":[{"href":"https:\/\/www.europesays.com\/lv\/wp-json\/wp\/v2\/media?parent=18410"}],"wp:term":[{"taxonomy":"category","embeddable":true,"href":"https:\/\/www.europesays.com\/lv\/wp-json\/wp\/v2\/categories?post=18410"},{"taxonomy":"post_tag","embeddable":true,"href":"https:\/\/www.europesays.com\/lv\/wp-json\/wp\/v2\/tags?post=18410"}],"curies":[{"name":"wp","href":"https:\/\/api.w.org\/{rel}","templated":true}]}}