{"id":184104,"date":"2026-04-21T13:47:52","date_gmt":"2026-04-21T13:47:52","guid":{"rendered":"https:\/\/www.europesays.com\/lv\/184104\/"},"modified":"2026-04-21T13:47:52","modified_gmt":"2026-04-21T13:47:52","slug":"latvijas-uznemums-atver-kafejnicas-parize-un-lisabona-kads-ir-kalve-coffee-veiksmes-stasts","status":"publish","type":"post","link":"https:\/\/www.europesays.com\/lv\/184104\/","title":{"rendered":"Latvijas uz\u0146\u0113mums atver kafejn\u012bcas Par\u012bz\u0113 un Lisabon\u0101. K\u0101ds ir &#8220;Kalve Coffee&#8221; veiksmes st\u0101sts?"},"content":{"rendered":"<p>&#8220;Kalve Coffee&#8221; l\u012bdzdibin\u0101t\u0101js un valdes loceklis Gatis Z\u0113manis nor\u0101da, ka finans\u0113juma piesaist\u012b\u0161ana bir\u017e\u0101 ir bijis b\u016btisks solis. Vi\u0146\u0161 nor\u0101da, ka viena Par\u012bze tirgus zi\u0146\u0101 ir k\u0101 visas tr\u012bs Baltijas valstis kop\u0101, ta\u010du uzsver ar\u012b Latvijas noz\u012bm\u012bgumu.<\/p>\n<p>Z\u0113manis nor\u0101da, ka Latvijas tirgus ir pietiekami liels, ta\u010du ir ar\u012b amb\u012bcijas p\u0101rbaud\u012bt, kas notiek ar\u012b \u0101rpus valsts robe\u017e\u0101m. Dibinot uz\u0146\u0113mumu, motiv\u0101cija bijusi padar\u012bt industriju lab\u0101ku un ar\u012b uzlabot uz\u0146\u0113mejdarb\u012bbu. &#8220;M\u016bsu bizness ir orient\u0113ts ne tikai uz pe\u013c\u0146u, bet ar\u012b uz pozit\u012bvu ietekmi vis\u0101m iesaist\u012btaj\u0101m person\u0101m,&#8221; vi\u0146\u0161 saka un uzsver ilgtermi\u0146a dom\u0101\u0161anu.<\/p>\n<p>Uz\u0146\u0113mums ir izvirz\u012bjis m\u0113r\u0137i k\u013c\u016bt par vienu no pieciem vado\u0161ajiem &#8220;specialty&#8221; kafijas ra\u017eot\u0101jiem Eirop\u0101. Z\u0113manis nor\u0101da, ka tas attiecas uz kvalit\u0101ti un v\u0113r\u0161 uzman\u012bbu, ka &#8220;Kalve Coffee&#8221; p\u0113rn ir uzvar\u0113jia presti\u017e\u0101kaj\u0101 Eiropas grauzd\u0113\u0161anas konkurs\u0101.<\/p>\n<p>&#8220;M\u0113s atv\u0113r\u0101m divas kafejn\u012bcas Par\u012bz\u0113 un v\u0113lamies b\u016bt sp\u0113c\u012bga da\u013ca no &#8220;speciality&#8221; kafijas kom\u016bnas. (..) Gribam non\u0101kt l\u012bdz tam, ka nosaucot piecus z\u012bmolus iedz\u012bvot\u0101ji pasaka, ka viens no tiem ir &#8220;Kalve&#8221;,&#8221; saka Z\u0113manis.<\/p>\n<p>Jaut\u0101ts, vai ir k\u0101das at\u0161\u0137ir\u012bbas starp Par\u012bzi un Latvijas tirgu, vi\u0146\u0161 nor\u0101da, ka \u0161obr\u012bd dz\u012bvojam laikmet\u0101, kad pasaule paliek maz\u0101ka. Jo vair\u0101k uz dienvidiem, jo vair\u0101k dzer espresso dz\u0113rienus, savuk\u0101rt zieme\u013cos popul\u0101r\u0101ka ir filtra kafija un piena dz\u0113rieni. &#8220;Ta\u010du at\u0161\u0137ir\u012bbas nav b\u016btiskas un tas \u013cauj mums start\u0113t vair\u0101kos tirgos Eirop\u0101,&#8221; pau\u017e Z\u0113manis.<\/p>\n<p class=\"ad-desc ad-desc-main\">Saturs turpin\u0101s p\u0113c rekl\u0101mas<\/p>\n<p class=\"ad-desc ad-desc-sec\">Rekl\u0101ma<\/p>\n<p>&#8220;Kafijas kult\u016bra ir sadal\u012bta div\u0101s liel\u0101s grup\u0101s \u2013 komerckafija un &#8220;speciality&#8221; kafija, kur esam m\u0113s. Ja skat\u0101mies, kas notiek ar cenu, tad sen\u0101k komerckafija var\u0113ja konkur\u0113t tikai ar cenu, bez \u0161\u012b st\u0101sta un pievienot\u0101s v\u0113rt\u012bbas, bet tagad bir\u017e\u0101, kafijas cenai ejot uz aug\u0161u, t\u0101 poz\u012bcija izl\u012bdzin\u0101s. Ta\u010du mums, str\u0101d\u0101jot &#8220;speciality&#8221; kafijas sf\u0113r\u0101 ir \u013coti liela pievienot\u0101 v\u0113rt\u012bba un t\u0101 kvalit\u0101te un st\u0101sts, ar ko m\u0113s konkur\u0113sim,&#8221; teic Z\u0113melis, par pan\u0101kumu saucot v\u012bziju, labu komandu un darbu.<\/p>\n<p class=\"tv3-fw-500\">Zi\u0146o par k\u013c\u016bdu rakst\u0101<\/p>\n<p class=\"d-md-block d-none\">Iez\u012bm\u0113 k\u013c\u016bdaino tekstu un spied Ctrl+Enter.<\/p>\n<p class=\"d-md-none d-block\">Iez\u012bm\u0113 k\u013c\u016bdaino tekstu un zi\u0146o par to!<\/p>\n","protected":false},"excerpt":{"rendered":"&#8220;Kalve Coffee&#8221; l\u012bdzdibin\u0101t\u0101js un valdes loceklis Gatis Z\u0113manis nor\u0101da, ka finans\u0113juma piesaist\u012b\u0161ana bir\u017e\u0101 ir bijis b\u016btisks solis. Vi\u0146\u0161&hellip;\n","protected":false},"author":2,"featured_media":184105,"comment_status":"","ping_status":"","sticky":false,"template":"","format":"standard","meta":{"footnotes":"","_share_on_mastodon":"0"},"categories":[12],"tags":[23,28,29,32,33,22,29845,30,31,35,39,38,36,37,34,40,20,26,27,24,25,21],"class_list":["post-184104","post","type-post","status-publish","format-standard","has-post-thumbnail","category-latvija","tag-aktualitates","tag-breaking-news","tag-breakingnews","tag-featured-news","tag-featurednews","tag-headlines","tag-kafija","tag-latest-news","tag-latestnews","tag-latvia","tag-latvian","tag-latviesu","tag-latviesu-valoda","tag-latviesuvaloda","tag-latvija","tag-lv","tag-news","tag-popularakas-zinas","tag-popularakaszinas","tag-top-stories","tag-topstories","tag-zinas"],"share_on_mastodon":{"url":"https:\/\/pubeurope.com\/@lv\/116443015198238234","error":""},"_links":{"self":[{"href":"https:\/\/www.europesays.com\/lv\/wp-json\/wp\/v2\/posts\/184104","targetHints":{"allow":["GET"]}}],"collection":[{"href":"https:\/\/www.europesays.com\/lv\/wp-json\/wp\/v2\/posts"}],"about":[{"href":"https:\/\/www.europesays.com\/lv\/wp-json\/wp\/v2\/types\/post"}],"author":[{"embeddable":true,"href":"https:\/\/www.europesays.com\/lv\/wp-json\/wp\/v2\/users\/2"}],"replies":[{"embeddable":true,"href":"https:\/\/www.europesays.com\/lv\/wp-json\/wp\/v2\/comments?post=184104"}],"version-history":[{"count":0,"href":"https:\/\/www.europesays.com\/lv\/wp-json\/wp\/v2\/posts\/184104\/revisions"}],"wp:featuredmedia":[{"embeddable":true,"href":"https:\/\/www.europesays.com\/lv\/wp-json\/wp\/v2\/media\/184105"}],"wp:attachment":[{"href":"https:\/\/www.europesays.com\/lv\/wp-json\/wp\/v2\/media?parent=184104"}],"wp:term":[{"taxonomy":"category","embeddable":true,"href":"https:\/\/www.europesays.com\/lv\/wp-json\/wp\/v2\/categories?post=184104"},{"taxonomy":"post_tag","embeddable":true,"href":"https:\/\/www.europesays.com\/lv\/wp-json\/wp\/v2\/tags?post=184104"}],"curies":[{"name":"wp","href":"https:\/\/api.w.org\/{rel}","templated":true}]}}