{"id":18416,"date":"2025-10-11T14:30:09","date_gmt":"2025-10-11T14:30:09","guid":{"rendered":"https:\/\/www.europesays.com\/lv\/18416\/"},"modified":"2025-10-11T14:30:09","modified_gmt":"2025-10-11T14:30:09","slug":"tiesraides-arhivs-%e2%9f%a9-tarifi-barjeras-protekcionisms-vai-musu-nakotne-rigas-konferences-tresa-diena","status":"publish","type":"post","link":"https:\/\/www.europesays.com\/lv\/18416\/","title":{"rendered":"TIE\u0160RAIDES ARH\u012aVS \u27e9 Tarifi, barjeras, protekcionisms \u2013 vai m\u016bsu n\u0101kotne? R\u012bgas konferences tre\u0161\u0101 diena"},"content":{"rendered":"<p>Konferences tre\u0161aj\u0101 un nosl\u0113dzo\u0161aj\u0101 dien\u0101 bija paredz\u0113tas diskusijas par glob\u0101l\u0101m t\u0113m\u0101m: tarifiem un protekcionisma politiku, k\u0101 ar\u012b ANO lomu aizvien sadrumstalot\u0101k\u0101 pasaul\u0113. Diskusiju dal\u012bbnieku vid\u016b b\u016bs eirokomis\u0101rs Valdis Dombrovskis un Latvijas \u0101rlietu ministre Baiba Bra\u017ee.<\/p>\n<p>Ar pilnu pas\u0101kuma programmu var iepaz\u012bties <a target=\"_blank\" rel=\"noopener noreferrer nofollow\" href=\"https:\/\/rigaconference.lv\/agenda\/\">\u0161eit<\/a>.<\/p>\n<p>&#8220;R\u012bgas konference \u0161ogad izgaismos jaut\u0101jumus, kas noteiks m\u016bsu dro\u0161\u012bbas vidi n\u0101kamaj\u0101s desmitgad\u0113s. T\u0101 nav tikai ikgad\u0113ja tik\u0161an\u0101s \u2013 t\u0101 ir vieta, kur tiek risin\u0101tas probl\u0113msitu\u0101cijas, formul\u0113tas idejas un stiprin\u0101tas transatlantisk\u0101s partner\u012bbas, kas ietekm\u0113 sabiedroto politiskos un milit\u0101ros l\u0113mumus. Latvijai un Baltijas valst\u012bm \u0161\u012b ir iesp\u0113ja ne tikai piedal\u012bties diskusij\u0101s, bet ar\u012b akt\u012bvi virz\u012bt starptautisko dienask\u0101rt\u012bbu, apliecinot m\u016bsu re\u0123iona noz\u012bmi glob\u0101l\u0101s dro\u0161\u012bbas stiprin\u0101\u0161an\u0101,&#8221; uzsver J\u0101nis Karlsbergs, Latvijas Transatlantisk\u0101s organiz\u0101cijas valdes priek\u0161s\u0113d\u0113t\u0101js.<\/p>\n<p>\u0160\u012b gada virst\u0113ma ir &#8220;Vienot\u012bba, dro\u0161\u012bba un notur\u012bba sadrumstalot\u0101 pasaul\u0113&#8221;.<\/p>\n<p>Konferences ietvaros tiks atkl\u0101ta fotoizst\u0101de \u201cIek\u0161\u0113jais karav\u012brs\u201d, kas aicina ieraudz\u012bt karav\u012bru k\u0101 cilv\u0113ku ar savu iek\u0161\u0113jo sp\u0113ku, drosmi un gatav\u012bbu st\u0101v\u0113t par svar\u012bgo. Fotogr\u0101fiju cikls aizved skat\u012bt\u0101ju uz Al\u016bksnes k\u0101jnieku skolas vasaras apm\u0101c\u012bbu laukumiem, kur tr\u012bs ned\u0113\u013cu laik\u0101 150 Latvijas pilso\u0146u \u2013 skolot\u0101ji, studenti, politi\u0137i, m\u0101kslinieki, medi\u0137i un citi \u2013 atst\u0101j savu ikdienu, uzvelk formas t\u0113rpu un k\u013c\u016bst par vienotu vien\u012bbu. \u0160aj\u0101s fotogr\u0101fij\u0101s atkl\u0101jas discipl\u012bna, iztur\u012bba un vienot\u012bba, bet reiz\u0113 ar\u012b katr\u0101 no mums m\u012bto\u0161ais &#8220;iek\u0161\u0113jais karav\u012brs&#8221;, kas pal\u012bdz p\u0101rvar\u0113t \u0161aubas un saglab\u0101t sp\u0113ku b\u016bt gataviem aizst\u0101v\u0113t savu valsti.<\/p>\n<p>Kop\u0161 2006. gada <a href=\"https:\/\/www.tvnet.lv\/term\/568674\/rigas-konference\" class=\"topicLink\" target=\"_blank\" rel=\"nofollow noopener\">R\u012bgas konference<\/a> ir viena no svar\u012bg\u0101kaj\u0101m diskusiju platform\u0101m par dro\u0161\u012bbu un \u0101rpolitiku Zieme\u013ceirop\u0101. Pl\u0101nots, ka konferenc\u0113 piedal\u012bsies vair\u0101k nek\u0101 500 dal\u012bbnieku no vair\u0101k nek\u0101 45 valst\u012bm.<\/p>\n<p>R\u012bgas konferenci kop\u012bgi organiz\u0113 Latvijas Transatlantisk\u0101 organiz\u0101cija (LATO), Latvijas Republikas \u0100rlietu ministrija un Aizsardz\u012bbas ministrija, cie\u0161i sadarbojoties ar Latvijas Universit\u0101ti, Eiropas Komisijas p\u0101rst\u0101vniec\u012bbu Latvij\u0101 un Konr\u0101da Adenauera fondu.<\/p>\n","protected":false},"excerpt":{"rendered":"Konferences tre\u0161aj\u0101 un nosl\u0113dzo\u0161aj\u0101 dien\u0101 bija paredz\u0113tas diskusijas par glob\u0101l\u0101m t\u0113m\u0101m: tarifiem un protekcionisma politiku, k\u0101 ar\u012b ANO&hellip;\n","protected":false},"author":2,"featured_media":18417,"comment_status":"","ping_status":"","sticky":false,"template":"","format":"standard","meta":{"footnotes":""},"categories":[14],"tags":[1546,23,57,28,29,32,33,22,30,31,35,39,38,36,37,34,40,20,26,27,5222,24,25,54,55,56,21,58],"class_list":{"0":"post-18416","1":"post","2":"type-post","3":"status-publish","4":"format-standard","5":"has-post-thumbnail","7":"category-zinas-no-arvalstim","8":"tag-aizsardziba","9":"tag-aktualitates","10":"tag-arvalstim","11":"tag-breaking-news","12":"tag-breakingnews","13":"tag-featured-news","14":"tag-featurednews","15":"tag-headlines","16":"tag-latest-news","17":"tag-latestnews","18":"tag-latvia","19":"tag-latvian","20":"tag-latviesu","21":"tag-latviesu-valoda","22":"tag-latviesuvaloda","23":"tag-latvija","24":"tag-lv","25":"tag-news","26":"tag-popularakas-zinas","27":"tag-popularakaszinas","28":"tag-rigas-konference","29":"tag-top-stories","30":"tag-topstories","31":"tag-world","32":"tag-world-news","33":"tag-worldnews","34":"tag-zinas","35":"tag-zinas-no-arvalstim"},"share_on_mastodon":{"url":"","error":""},"_links":{"self":[{"href":"https:\/\/www.europesays.com\/lv\/wp-json\/wp\/v2\/posts\/18416","targetHints":{"allow":["GET"]}}],"collection":[{"href":"https:\/\/www.europesays.com\/lv\/wp-json\/wp\/v2\/posts"}],"about":[{"href":"https:\/\/www.europesays.com\/lv\/wp-json\/wp\/v2\/types\/post"}],"author":[{"embeddable":true,"href":"https:\/\/www.europesays.com\/lv\/wp-json\/wp\/v2\/users\/2"}],"replies":[{"embeddable":true,"href":"https:\/\/www.europesays.com\/lv\/wp-json\/wp\/v2\/comments?post=18416"}],"version-history":[{"count":0,"href":"https:\/\/www.europesays.com\/lv\/wp-json\/wp\/v2\/posts\/18416\/revisions"}],"wp:featuredmedia":[{"embeddable":true,"href":"https:\/\/www.europesays.com\/lv\/wp-json\/wp\/v2\/media\/18417"}],"wp:attachment":[{"href":"https:\/\/www.europesays.com\/lv\/wp-json\/wp\/v2\/media?parent=18416"}],"wp:term":[{"taxonomy":"category","embeddable":true,"href":"https:\/\/www.europesays.com\/lv\/wp-json\/wp\/v2\/categories?post=18416"},{"taxonomy":"post_tag","embeddable":true,"href":"https:\/\/www.europesays.com\/lv\/wp-json\/wp\/v2\/tags?post=18416"}],"curies":[{"name":"wp","href":"https:\/\/api.w.org\/{rel}","templated":true}]}}