{"id":184392,"date":"2026-04-21T19:40:07","date_gmt":"2026-04-21T19:40:07","guid":{"rendered":"https:\/\/www.europesays.com\/lv\/184392\/"},"modified":"2026-04-21T19:40:07","modified_gmt":"2026-04-21T19:40:07","slug":"devas-uz-darbu-un-pazuda-lietuva-pazudusais-feldseris-atrasts-miris","status":"publish","type":"post","link":"https:\/\/www.europesays.com\/lv\/184392\/","title":{"rendered":"Dev\u0101s uz darbu un pazuda. Lietuv\u0101 pazudu\u0161ais feld\u0161eris atrasts miris"},"content":{"rendered":"<p>Me\u017ea mas\u012bv\u0101 atrasts ar\u012b transportl\u012bdzeklis, ar ko p\u0101rvietoj\u0101s pazudu\u0161ais v\u012brietis.<\/p>\n<p>Sadauska t\u0113vs un br\u0101lis notiku\u0161aj\u0101 vaino Sadauska biju\u0161o sievu: abu starp\u0101 vald\u012bju\u0161as domstarp\u012bbas par b\u0113rnu aizg\u0101d\u012bbu.<\/p>\n<p>Sieviete gan medijiem visas aps\u016bdz\u012bbas noraid\u012bjusi.<\/p>\n<p>Policija nekoment\u0113, vai aiztur\u0113t\u0101 sieviete ir Sadauska bijus\u012b sieva.<\/p>\n<p>Mantas Sadauskas pazuda pirmdien, un policija uzs\u0101ka pla\u0161us mekl\u0113\u0161anas darbus, neizsl\u0113dzot iesp\u0113ju, ka v\u012brietis ir nolaup\u012bts.<\/p>\n<p>R\u012btdien, 22. apr\u012bl\u012b, dienesti r\u012bkos preses konferenci, kur\u0101 inform\u0113s par notiku\u0161o.<\/p>\n","protected":false},"excerpt":{"rendered":"Me\u017ea mas\u012bv\u0101 atrasts ar\u012b transportl\u012bdzeklis, ar ko p\u0101rvietoj\u0101s pazudu\u0161ais v\u012brietis. Sadauska t\u0113vs un br\u0101lis notiku\u0161aj\u0101 vaino Sadauska biju\u0161o&hellip;\n","protected":false},"author":2,"featured_media":184393,"comment_status":"","ping_status":"","sticky":false,"template":"","format":"standard","meta":{"footnotes":"","_share_on_mastodon":"0"},"categories":[14],"tags":[23,57,28,29,34936,32,33,22,30,31,35,39,38,36,37,34,1464,40,20,295,26,27,24,25,787,54,55,56,21,58],"class_list":["post-184392","post","type-post","status-publish","format-standard","has-post-thumbnail","category-zinas-no-arvalstim","tag-aktualitates","tag-arvalstim","tag-breaking-news","tag-breakingnews","tag-cilveks","tag-featured-news","tag-featurednews","tag-headlines","tag-latest-news","tag-latestnews","tag-latvia","tag-latvian","tag-latviesu","tag-latviesu-valoda","tag-latviesuvaloda","tag-latvija","tag-lietuva","tag-lv","tag-news","tag-noziegums","tag-popularakas-zinas","tag-popularakaszinas","tag-top-stories","tag-topstories","tag-veselibas-aprupe","tag-world","tag-world-news","tag-worldnews","tag-zinas","tag-zinas-no-arvalstim"],"share_on_mastodon":{"url":"https:\/\/pubeurope.com\/@lv\/116444399336271995","error":""},"_links":{"self":[{"href":"https:\/\/www.europesays.com\/lv\/wp-json\/wp\/v2\/posts\/184392","targetHints":{"allow":["GET"]}}],"collection":[{"href":"https:\/\/www.europesays.com\/lv\/wp-json\/wp\/v2\/posts"}],"about":[{"href":"https:\/\/www.europesays.com\/lv\/wp-json\/wp\/v2\/types\/post"}],"author":[{"embeddable":true,"href":"https:\/\/www.europesays.com\/lv\/wp-json\/wp\/v2\/users\/2"}],"replies":[{"embeddable":true,"href":"https:\/\/www.europesays.com\/lv\/wp-json\/wp\/v2\/comments?post=184392"}],"version-history":[{"count":0,"href":"https:\/\/www.europesays.com\/lv\/wp-json\/wp\/v2\/posts\/184392\/revisions"}],"wp:featuredmedia":[{"embeddable":true,"href":"https:\/\/www.europesays.com\/lv\/wp-json\/wp\/v2\/media\/184393"}],"wp:attachment":[{"href":"https:\/\/www.europesays.com\/lv\/wp-json\/wp\/v2\/media?parent=184392"}],"wp:term":[{"taxonomy":"category","embeddable":true,"href":"https:\/\/www.europesays.com\/lv\/wp-json\/wp\/v2\/categories?post=184392"},{"taxonomy":"post_tag","embeddable":true,"href":"https:\/\/www.europesays.com\/lv\/wp-json\/wp\/v2\/tags?post=184392"}],"curies":[{"name":"wp","href":"https:\/\/api.w.org\/{rel}","templated":true}]}}