{"id":184449,"date":"2026-04-21T21:36:20","date_gmt":"2026-04-21T21:36:20","guid":{"rendered":"https:\/\/www.europesays.com\/lv\/184449\/"},"modified":"2026-04-21T21:36:20","modified_gmt":"2026-04-21T21:36:20","slug":"cilveks-nak-pec-maza-prieka-briza-janis-berzins-par-gimenes-biznesu-ambicijam-un-bazaar-izaugsmi","status":"publish","type":"post","link":"https:\/\/www.europesays.com\/lv\/184449\/","title":{"rendered":"&#8220;Cilv\u0113ks n\u0101k p\u0113c maza prieka br\u012b\u017ea.&#8221; J\u0101nis B\u0113rzi\u0146\u0161 par \u0123imenes biznesu, amb\u012bcij\u0101m un &#8220;Bazaar&#8221; izaugsmi"},"content":{"rendered":"<p>Ar J\u0101ni B\u0113rzi\u0146u tiekamies vi\u0146a be\u0137erej\u0101 &#8220;Bazaar&#8221;, kur jau no pa\u0161a r\u012bta netr\u016bkst cilv\u0113ku \u2013 cits n\u0101k p\u0113c <a rel=\"noopener nofollow\" target=\"_blank\" href=\"https:\/\/www.delfi.lv\/temas\/43514027\/kafija\" data-rel-date-range=\"[]\">kafijas<\/a>, cits p\u0113c kruas\u0101na vai k\u0101da garduma. Darba ritms te ir nep\u0101rtraukts, un ar\u012b pats J\u0101nis akt\u012bvi iesaist\u0101s gan klientu apkalpo\u0161an\u0101, gan ikdienas procesos. Jau tre\u0161o gadu vi\u0146\u0161 darbojas sav\u0101, k\u0101 pats saka, mazaj\u0101 un jaukaj\u0101 \u0123imenes uz\u0146\u0113mum\u0101, kas paties\u012bb\u0101 vairs nemaz nav tik mazs \u2013 &#8220;Bazaar&#8221; \u0161obr\u012bd ir se\u0161\u0101s lok\u0101cij\u0101s R\u012bg\u0101 un k\u013cuvis par iecien\u012btu vietu daudziem pils\u0113tniekiem.<\/p>\n","protected":false},"excerpt":{"rendered":"Ar J\u0101ni B\u0113rzi\u0146u tiekamies vi\u0146a be\u0137erej\u0101 &#8220;Bazaar&#8221;, kur jau no pa\u0161a r\u012bta netr\u016bkst cilv\u0113ku \u2013 cits n\u0101k p\u0113c&hellip;\n","protected":false},"author":2,"featured_media":184450,"comment_status":"","ping_status":"","sticky":false,"template":"","format":"standard","meta":{"footnotes":"","_share_on_mastodon":"0"},"categories":[16],"tags":[77,76,7903,29845,30821,34958,35,39,38,36,37,34,40,172,34957],"class_list":["post-184449","post","type-post","status-publish","format-standard","has-post-thumbnail","category-bizness","tag-bizness","tag-business","tag-cilvekstasti","tag-kafija","tag-konditoreja","tag-kruasani","tag-latvia","tag-latvian","tag-latviesu","tag-latviesu-valoda","tag-latviesuvaloda","tag-latvija","tag-lv","tag-riga","tag-stenders"],"share_on_mastodon":{"url":"https:\/\/pubeurope.com\/@lv\/116444855321763860","error":""},"_links":{"self":[{"href":"https:\/\/www.europesays.com\/lv\/wp-json\/wp\/v2\/posts\/184449","targetHints":{"allow":["GET"]}}],"collection":[{"href":"https:\/\/www.europesays.com\/lv\/wp-json\/wp\/v2\/posts"}],"about":[{"href":"https:\/\/www.europesays.com\/lv\/wp-json\/wp\/v2\/types\/post"}],"author":[{"embeddable":true,"href":"https:\/\/www.europesays.com\/lv\/wp-json\/wp\/v2\/users\/2"}],"replies":[{"embeddable":true,"href":"https:\/\/www.europesays.com\/lv\/wp-json\/wp\/v2\/comments?post=184449"}],"version-history":[{"count":0,"href":"https:\/\/www.europesays.com\/lv\/wp-json\/wp\/v2\/posts\/184449\/revisions"}],"wp:featuredmedia":[{"embeddable":true,"href":"https:\/\/www.europesays.com\/lv\/wp-json\/wp\/v2\/media\/184450"}],"wp:attachment":[{"href":"https:\/\/www.europesays.com\/lv\/wp-json\/wp\/v2\/media?parent=184449"}],"wp:term":[{"taxonomy":"category","embeddable":true,"href":"https:\/\/www.europesays.com\/lv\/wp-json\/wp\/v2\/categories?post=184449"},{"taxonomy":"post_tag","embeddable":true,"href":"https:\/\/www.europesays.com\/lv\/wp-json\/wp\/v2\/tags?post=184449"}],"curies":[{"name":"wp","href":"https:\/\/api.w.org\/{rel}","templated":true}]}}