{"id":18463,"date":"2025-10-11T16:08:15","date_gmt":"2025-10-11T16:08:15","guid":{"rendered":"https:\/\/www.europesays.com\/lv\/18463\/"},"modified":"2025-10-11T16:08:15","modified_gmt":"2025-10-11T16:08:15","slug":"zzs-biedru-neapmierinatiba-un-stambulas-konvencijas-ena-met-enu-par-silinas-valdibas-nakotni-lente-lv","status":"publish","type":"post","link":"https:\/\/www.europesays.com\/lv\/18463\/","title":{"rendered":"ZZS biedru neapmierin\u0101t\u012bba un Stambulas konvencijas \u0113na met \u0113nu p\u0101r Sili\u0146as vald\u012bbas n\u0101kotni\u00a0\u2014\u00a0Lente.lv"},"content":{"rendered":"<p>Koal\u012bcijas nestabilit\u0101te un ZZS loma taj\u0101<\/p>\n<p>Latvijas politiskaj\u0101 ainav\u0101 valda j\u016btama sasp\u012bl\u0113juma gaisotne, kas saist\u012bta ar vald\u012bbas stabilit\u0101ti un Za\u013co un Zemnieku savien\u012bbas (ZZS) poz\u012bciju koal\u012bcij\u0101. Neskatoties uz publiskajiem apgalvojumiem, ka vald\u012bba str\u0101d\u0101s l\u012bdz n\u0101kamaj\u0101m v\u0113l\u0113\u0161an\u0101m, raid\u012bjums &#8220;de facto&#8221; nor\u0101da uz vair\u0101ku ZZS biedru nev\u0113l\u0113\u0161anos palikt pa\u0161reiz\u0113j\u0101 Ministru kabinet\u0101. \u0160\u012bs ba\u017eas pastiprin\u0101s p\u0113c nesen\u0101s diskusijas par Stambulas konvenciju, kur ZZS atbalst\u012bja opoz\u012bcijas priek\u0161likumu par t\u0101s denons\u0113\u0161anu, ko premjere Evika Sili\u0146a uzskat\u012bja par koal\u012bcijas l\u012bguma p\u0101rk\u0101pumu. \u0160is incidents ir izgaismojis dzi\u013c\u0101kus konfliktus, kas koal\u012bcij\u0101 briestu jau ilg\u0101ku laiku.<\/p>\n<p>Stambulas konvencija k\u0101 politiskais katalizators<\/p>\n<p>Stambulas konvencija ir k\u013cuvusi par politisko katalizatoru, kas saasina spriedzi valdo\u0161aj\u0101 koal\u012bcij\u0101. Lai gan ZZS publiski pau\u017e lojalit\u0101ti vald\u012bbai, partijas iek\u0161ien\u0113 pieaug neapmierin\u0101t\u012bba. Aptaujas liecina, ka vair\u0101k nek\u0101 60% Latvijas Zemnieku savien\u012bbas biedru v\u0113l\u0113tos izst\u0101ties no pa\u0161reiz\u0113j\u0101s koal\u012bcijas, un 70% atbalsta Stambulas konvencijas denons\u0113\u0161anu. Partijas ZZS p\u0101rst\u0101vji uzskata, ka konvencija pied\u0101v\u0101 ideolo\u0123isku, nevis praktisku pieeju vardarb\u012bbas nov\u0113r\u0161anai, un t\u0101s saturs balst\u0101s uz &#8220;soci\u0101l\u0101 dzimuma&#8221; j\u0113dzienu, kas neietilpstot Latvijas kult\u016bras un \u0123imenes v\u0113rt\u012bb\u0101s. Vi\u0146i ar\u012b nor\u0101da, ka konvencijas ratific\u0113\u0161ana nav b\u016btiski samazin\u0101jusi vardarb\u012bbas r\u0101d\u012bt\u0101jus cit\u0101s Eiropas valst\u012bs.<\/p>\n<p>Koal\u012bcijas n\u0101kotnes scen\u0101riji un opoz\u012bcijas loma<\/p>\n<p>Neskatoties uz iek\u0161\u0113jiem konfliktiem, gan &#8220;Jaun\u0101 Vienot\u012bba&#8221; (JV), gan ZZS uzsver, ka bud\u017eeta pie\u0146em\u0161ana ir priorit\u0101te, un vald\u012bba var\u0113tu turpin\u0101t darbu l\u012bdz v\u0113l\u0113\u0161an\u0101m. Tom\u0113r aizkulis\u0113s notiek akt\u012bvas sarunas, un tiek mekl\u0113tas iesp\u0113jas jaunas koal\u012bcijas veido\u0161anai. Opoz\u012bcijas partijas, piem\u0113ram, &#8220;Apvienotais saraksts&#8221;, Nacion\u0101l\u0101 apvien\u012bba un partija &#8220;Latvija pirmaj\u0101 viet\u0101&#8221;, nesl\u0113pj savu gatav\u012bbu veidot jaunu koal\u012bciju, pat dz\u0113\u0161ot agr\u0101k\u0101s &#8220;sarkan\u0101s l\u012bnijas&#8221;. Politi\u0137is Filips Rajevskis nor\u0101da, ka opoz\u012bcijai \u0161obr\u012bd ir sp\u0113ks ietekm\u0113t bud\u017eeta pie\u0146em\u0161anu, un tai ir iesp\u0113jas pan\u0101kt izdevumu samazin\u0101\u0161anu valsts instit\u016bcij\u0101s. Tom\u0113r vi\u0146\u0161 pie\u013cauj, ka opoz\u012bcija v\u0113l nav piln\u012bb\u0101 gatava \u0161\u0101dai atbild\u012bbai.<\/p>\n<p>Sabiedr\u012bbas noska\u0146ojums un politisk\u0101 atbild\u012bba<\/p>\n<p>Sabiedr\u012bbas noska\u0146ojums par pa\u0161reiz\u0113j\u0101s vald\u012bbas darbu ir visai kritisks. SKDS aptaujas liecina, ka liel\u0101k\u0101 da\u013ca Latvijas iedz\u012bvot\u0101ju izj\u016bt dusmas un pesimismu par vald\u012bbas darb\u012bb\u0101m, optimisms izteikts vien nieka 4% gad\u012bjumu. Valsts prezidents Edgars Rink\u0113vi\u010ds ir br\u012bdin\u0101jis, ka, ja vald\u012bba nesp\u0113j efekt\u012bvi str\u0101d\u0101t, tai ir j\u0101atbr\u012bvo vieta citiem politiskajiem sp\u0113kiem. Vi\u0146\u0161 uzsver, ka bud\u017eeta pie\u0146em\u0161ana b\u016bs galvenais p\u0101rbaud\u012bjums valdo\u0161\u0101s koal\u012bcijas sp\u0113jai str\u0101d\u0101t kop\u0101. Politi\u0137e Ingr\u012bda Circene pau\u017e, ka situ\u0101cija vald\u012bb\u0101 ir &#8220;apmulsums trij\u0101s pried\u0113s&#8221;, akcent\u0113jot nepiecie\u0161am\u012bbu p\u0113c skaidr\u012bbas un atbild\u012bbas.<\/p>\n","protected":false},"excerpt":{"rendered":"Koal\u012bcijas nestabilit\u0101te un ZZS loma taj\u0101 Latvijas politiskaj\u0101 ainav\u0101 valda j\u016btama sasp\u012bl\u0113juma gaisotne, kas saist\u012bta ar vald\u012bbas stabilit\u0101ti&hellip;\n","protected":false},"author":2,"featured_media":18464,"comment_status":"","ping_status":"","sticky":false,"template":"","format":"standard","meta":{"footnotes":""},"categories":[5],"tags":[23,28,29,32,33,22,351,30,31,35,39,38,36,37,34,535,40,20,26,27,6014,2023,24,25,21,666],"class_list":{"0":"post-18463","1":"post","2":"type-post","3":"status-publish","4":"format-standard","5":"has-post-thumbnail","7":"category-aktualitates","8":"tag-aktualitates","9":"tag-breaking-news","10":"tag-breakingnews","11":"tag-featured-news","12":"tag-featurednews","13":"tag-headlines","14":"tag-koalicija","15":"tag-latest-news","16":"tag-latestnews","17":"tag-latvia","18":"tag-latvian","19":"tag-latviesu","20":"tag-latviesu-valoda","21":"tag-latviesuvaloda","22":"tag-latvija","23":"tag-latvijas-politika","24":"tag-lv","25":"tag-news","26":"tag-popularakas-zinas","27":"tag-popularakaszinas","28":"tag-silinas-valdiba","29":"tag-stambulas-konvencija","30":"tag-top-stories","31":"tag-topstories","32":"tag-zinas","33":"tag-zzs"},"share_on_mastodon":{"url":"","error":""},"_links":{"self":[{"href":"https:\/\/www.europesays.com\/lv\/wp-json\/wp\/v2\/posts\/18463","targetHints":{"allow":["GET"]}}],"collection":[{"href":"https:\/\/www.europesays.com\/lv\/wp-json\/wp\/v2\/posts"}],"about":[{"href":"https:\/\/www.europesays.com\/lv\/wp-json\/wp\/v2\/types\/post"}],"author":[{"embeddable":true,"href":"https:\/\/www.europesays.com\/lv\/wp-json\/wp\/v2\/users\/2"}],"replies":[{"embeddable":true,"href":"https:\/\/www.europesays.com\/lv\/wp-json\/wp\/v2\/comments?post=18463"}],"version-history":[{"count":0,"href":"https:\/\/www.europesays.com\/lv\/wp-json\/wp\/v2\/posts\/18463\/revisions"}],"wp:featuredmedia":[{"embeddable":true,"href":"https:\/\/www.europesays.com\/lv\/wp-json\/wp\/v2\/media\/18464"}],"wp:attachment":[{"href":"https:\/\/www.europesays.com\/lv\/wp-json\/wp\/v2\/media?parent=18463"}],"wp:term":[{"taxonomy":"category","embeddable":true,"href":"https:\/\/www.europesays.com\/lv\/wp-json\/wp\/v2\/categories?post=18463"},{"taxonomy":"post_tag","embeddable":true,"href":"https:\/\/www.europesays.com\/lv\/wp-json\/wp\/v2\/tags?post=18463"}],"curies":[{"name":"wp","href":"https:\/\/api.w.org\/{rel}","templated":true}]}}