{"id":18498,"date":"2025-10-11T17:02:12","date_gmt":"2025-10-11T17:02:12","guid":{"rendered":"https:\/\/www.europesays.com\/lv\/18498\/"},"modified":"2025-10-11T17:02:12","modified_gmt":"2025-10-11T17:02:12","slug":"noskaidrots-uz-kam-piederosas-zemes-atrodas-skanste-piesarnota-grunts","status":"publish","type":"post","link":"https:\/\/www.europesays.com\/lv\/18498\/","title":{"rendered":"Noskaidrots, uz kam piedero\u0161as zemes atrodas Skanst\u0113 pies\u0101r\u0146ot\u0101 grunts"},"content":{"rendered":"<p>Dienests nor\u0101da, ka R\u012bgas dome k\u0101 darbu pas\u016bt\u012bt\u0101js ir pas\u016bt\u012bjusi grunts anal\u012bzes, kuru rezult\u0101tus p\u0113c\u0101k b\u016bs nepiecie\u0161ams iesniegt VVD, kas veiks \u0161o anal\u012b\u017eu rezult\u0101tu izv\u0113rt\u0113\u0161anu un, pamatojoties uz rezult\u0101tiem, nor\u0101d\u012bs t\u0101l\u0101k\u0101s darb\u012bbas, ja t\u0101das b\u016bs nepiecie\u0161amas.<\/p>\n<p>K\u0101 noskaidroja a\u0123ent\u016bra LETA, probl\u0113mas ar pies\u0101r\u0146ot\u0101s grunts atst\u0101\u0161anu teritorij\u0101, iesp\u0113jams, radu\u0161\u0101s projekta \u012bstenot\u0101ju nomai\u0146as d\u0113\u013c.<\/p>\n<p>Pamatojoties uz izp\u0113tes rezult\u0101tiem, tika pie\u0146ems l\u0113mums b\u016bvprojektu sadal\u012bt div\u0101s b\u016bvniec\u012bbas k\u0101rt\u0101s un pa\u0161vald\u012bba ar b\u016bvdarbu veic\u0113ju &#8220;RR-Eko&#8221;, kuras sast\u0101v\u0101 bija SIA &#8220;Riga rent&#8221;, SIA &#8220;Eko osta&#8221; un SIA &#8220;Baltijas b\u016bve&#8221;, vienoj\u0101s par izmai\u0146\u0101m l\u012bgum\u0101 un b\u016bvdarbu izmaksu pieaugumu.<\/p>\n<p>Tom\u0113r, \u0146emot v\u0113r\u0101, ka komersants nesp\u0113ja nodro\u0161in\u0101t nepiecie\u0161amo l\u012bguma izpildes nodro\u0161in\u0101juma garantiju, pa\u0161vald\u012bba vienpus\u0113ji atk\u0101p\u0101s no l\u012bguma izpildes un 2023. gad\u0101 izsludin\u0101ja jaunu b\u016bvdarbu iepirkumu.<\/p>\n<p>Atkl\u0101t\u0101 konkursa rezult\u0101t\u0101 ties\u012bbas sl\u0113gt l\u012bgumu pie nosac\u012bjuma, ja tiek rasts finans\u0113jums b\u016bvdarbu turpin\u0101\u0161anai, tika pie\u0161\u0137irtas uz\u0146\u0113mumam SIA &#8220;ACBR&#8221;.<\/p>\n<p>Saska\u0146\u0101 ar a\u0123ent\u016bras LETA arh\u012bv\u0101 pieejamo inform\u0101ciju, kop\u0113j\u0101s b\u016bvdarbu izmaksas s\u0101kotn\u0113ji tika pl\u0101notas gandr\u012bz 16,7 miljoni eiro, no kur\u0101m da\u013ca bija Eiropas Re\u0123ion\u0101l\u0101s att\u012bst\u012bbas fonda (ERAF) finans\u0113jums. Projekt\u0113\u0161anas izmaksas bija pl\u0101notas 312 482 eiro.<\/p>\n<p>Laik\u0101, kad R\u012bgas m\u0113rs bija Vilnis \u0136irsis (JV), vi\u0146\u0161 pazi\u0146oja, ka pa\u0161vald\u012bba v\u0113rs\u012bsies ties\u0101, lai atg\u016btu zaud\u0113jumus Skanstes revitaliz\u0101cijas projekt\u0101.<\/p>\n<p>Vi\u0146\u0161 uzsv\u0113ra, ka tas tiks dar\u012bts, jo projekta \u012bsteno\u0161an\u0101 veikta nekvalitat\u012bva izp\u0113te, kuras d\u0113\u013c projekts sad\u0101rdzin\u0101jies.<\/p>\n","protected":false},"excerpt":{"rendered":"Dienests nor\u0101da, ka R\u012bgas dome k\u0101 darbu pas\u016bt\u012bt\u0101js ir pas\u016bt\u012bjusi grunts anal\u012bzes, kuru rezult\u0101tus p\u0113c\u0101k b\u016bs nepiecie\u0161ams iesniegt&hellip;\n","protected":false},"author":2,"featured_media":18499,"comment_status":"","ping_status":"","sticky":false,"template":"","format":"standard","meta":{"footnotes":""},"categories":[5],"tags":[23,28,29,32,33,22,30,31,35,39,38,36,37,34,40,5930,20,26,27,5929,24,25,21],"class_list":{"0":"post-18498","1":"post","2":"type-post","3":"status-publish","4":"format-standard","5":"has-post-thumbnail","7":"category-aktualitates","8":"tag-aktualitates","9":"tag-breaking-news","10":"tag-breakingnews","11":"tag-featured-news","12":"tag-featurednews","13":"tag-headlines","14":"tag-latest-news","15":"tag-latestnews","16":"tag-latvia","17":"tag-latvian","18":"tag-latviesu","19":"tag-latviesu-valoda","20":"tag-latviesuvaloda","21":"tag-latvija","22":"tag-lv","23":"tag-maris-spruds","24":"tag-news","25":"tag-popularakas-zinas","26":"tag-popularakaszinas","27":"tag-skanste","28":"tag-top-stories","29":"tag-topstories","30":"tag-zinas"},"share_on_mastodon":{"url":"","error":""},"_links":{"self":[{"href":"https:\/\/www.europesays.com\/lv\/wp-json\/wp\/v2\/posts\/18498","targetHints":{"allow":["GET"]}}],"collection":[{"href":"https:\/\/www.europesays.com\/lv\/wp-json\/wp\/v2\/posts"}],"about":[{"href":"https:\/\/www.europesays.com\/lv\/wp-json\/wp\/v2\/types\/post"}],"author":[{"embeddable":true,"href":"https:\/\/www.europesays.com\/lv\/wp-json\/wp\/v2\/users\/2"}],"replies":[{"embeddable":true,"href":"https:\/\/www.europesays.com\/lv\/wp-json\/wp\/v2\/comments?post=18498"}],"version-history":[{"count":0,"href":"https:\/\/www.europesays.com\/lv\/wp-json\/wp\/v2\/posts\/18498\/revisions"}],"wp:featuredmedia":[{"embeddable":true,"href":"https:\/\/www.europesays.com\/lv\/wp-json\/wp\/v2\/media\/18499"}],"wp:attachment":[{"href":"https:\/\/www.europesays.com\/lv\/wp-json\/wp\/v2\/media?parent=18498"}],"wp:term":[{"taxonomy":"category","embeddable":true,"href":"https:\/\/www.europesays.com\/lv\/wp-json\/wp\/v2\/categories?post=18498"},{"taxonomy":"post_tag","embeddable":true,"href":"https:\/\/www.europesays.com\/lv\/wp-json\/wp\/v2\/tags?post=18498"}],"curies":[{"name":"wp","href":"https:\/\/api.w.org\/{rel}","templated":true}]}}