{"id":18523,"date":"2025-10-11T17:38:10","date_gmt":"2025-10-11T17:38:10","guid":{"rendered":"https:\/\/www.europesays.com\/lv\/18523\/"},"modified":"2025-10-11T17:38:10","modified_gmt":"2025-10-11T17:38:10","slug":"dzivnieku-glabsanas-dienests-sniedz-informaciju-par-brunavas-pagasta-nosautajiem-tris-suniem","status":"publish","type":"post","link":"https:\/\/www.europesays.com\/lv\/18523\/","title":{"rendered":"Dz\u012bvnieku gl\u0101b\u0161anas dienests sniedz inform\u0101ciju par Brunavas pagast\u0101 no\u0161autajiem tr\u012bs su\u0146iem"},"content":{"rendered":"<p>Dz\u012bvnieku gl\u0101b\u0161anas dienests sav\u0101 &#8220;Facebook&#8221; profil\u0101 sniedzis inform\u0101ciju par Brunavas pagast\u0101 no\u0161autajiem su\u0146iem, kuri pieder\u0113ja digit\u0101l\u0101 satura veidot\u0101jam un lauksaimniekam Modrim Konovalovam.<\/p>\n<p>Dienests raksta, ka sa\u0146\u0113ma izsaukumu pl.13.24, kur tika paskaidrots, ka Brunavas pagast\u0101, k\u0101das m\u0101jas pagalm\u0101 ir tr\u012bs agres\u012bvi su\u0146i. &#8220;Un sa\u0146\u0113m\u0101m zem\u0101k eso\u0161o foto, kur\u0101 redzams, ka su\u0146i sarg\u0101 saplos\u012btu dz\u012bvnieku, kura sugu nav iesp\u0113jams noteikt, jo policistiem neizdodas pietuvoties- su\u0146i uzbr\u016bk. M\u0101jas \u012bpa\u0161niekiem ar\u012b ir uzbrukts.<\/p>\n<p>Nekav\u0113joties ielik\u0101m sludin\u0101jumu, cer\u012bb\u0101, ka saimnieks ierad\u012bsies paka\u013c saviem su\u0146iem.  Paral\u0113li aptauj\u0101j\u0101m viet\u0113jos iedz\u012bvot\u0101jus.  Diem\u017e\u0113l su\u0146a \u012bpa\u0161nieku mums izdev\u0101s noskaidrot gandr\u012bz vienlaic\u012bgi ar policistiem, kuri nolas\u012bja mikro\u010dipus jau miru\u0161ajiem su\u0146iem. Tikai p\u0113c tam, pl.16.10 m\u016bsu ekip\u0101\u017ea ierad\u0101s notikumu viet\u0101.  Diem\u017e\u0113l m\u016bs nesagaid\u012bja.<\/p>\n<p>Kas \u0161\u0101va, k\u0101 to dar\u012bja un k\u0101di apsv\u0113rumi bija, tas j\u0101jaut\u0101 tiem, kuri bija tur uz vietas. Un to noteikti dar\u012bs policija,&#8221; teikts ierakst\u0101.<\/p>\n<p>Modris gan vair\u0101kk\u0101rt uzsv\u0113ris, ka su\u0146i biju\u0161i draudz\u012bgi, jo pieradu\u0161i pie cilv\u0113kiem. Vi\u0146\u0161 ir ar\u012b dzi\u013c\u0101 neizpratn\u0113, vai \u0161\u0101d\u0101 situ\u0101cij\u0101 patie\u0161\u0101m bijis nepiecie\u0161ams dz\u012bvniekus no\u0161aut&#13;<br \/>\n&#13;\n<\/p>\n<p>Dienests sav\u0101 pazi\u0146ojum\u0101 uzsv\u0113ra, ka m\u0101jdz\u012bvniekiem nedr\u012bkst \u013caut klai\u0146ot, jo, sastopoties ar me\u017ea dz\u012bvniekiem, \u0161\u0137ietami draudz\u012bg\u0101 m\u0101jdz\u012bvnieka uzved\u012bba var krasi main\u012bties.&#13;<br \/>\n&#13;\n<\/p>\n<p><\/p>\n<p>Su\u0146u saimnieks paudis, ka l\u0113mums izsaukt medniekus un no\u0161aut su\u0146us, iesp\u0113jams, pie\u0146emts, nesaska\u0146ojot ar policiju. <\/p>\n<p>Vi\u0146\u0161 pats sazin\u0101jies ar policiju, lai skaidrotu notiku\u0161\u0101 apst\u0101k\u013cus. Tiek piesaist\u012bts ar\u012b jurists un pagaid\u0101m vi\u0146\u0161 pla\u0161\u0101ku inform\u0101ciju soct\u012bklos nesniedz. Su\u0146i nodoti ekspert\u012bzei.<\/p>\n<p>Modris s\u0113r\u0101s soci\u0101lajos t\u012bklos p\u0113c notiku\u0161\u0101 publiskojis sirsn\u012bgas ikdienas ainas ar saviem m\u0101jdz\u012bvniekiem, pau\u017eot neizsak\u0101mas s\u0101pes.<\/p>\n","protected":false},"excerpt":{"rendered":"Dz\u012bvnieku gl\u0101b\u0161anas dienests sav\u0101 &#8220;Facebook&#8221; profil\u0101 sniedzis inform\u0101ciju par Brunavas pagast\u0101 no\u0161autajiem su\u0146iem, kuri pieder\u0113ja digit\u0101l\u0101 satura veidot\u0101jam&hellip;\n","protected":false},"author":2,"featured_media":18524,"comment_status":"","ping_status":"","sticky":false,"template":"","format":"standard","meta":{"footnotes":""},"categories":[5],"tags":[129,6039,6036,6033,23,28,29,32,33,22,30,31,35,39,38,36,37,34,40,20,26,27,6037,6034,6040,6038,6035,6041,24,25,21],"class_list":{"0":"post-18523","1":"post","2":"type-post","3":"status-publish","4":"format-standard","5":"has-post-thumbnail","7":"category-aktualitates","8":"tag-__typenameadvicekeyword","9":"tag-id1889","10":"tag-id740","11":"tag-id9","12":"tag-aktualitates","13":"tag-breaking-news","14":"tag-breakingnews","15":"tag-featured-news","16":"tag-featurednews","17":"tag-headlines","18":"tag-latest-news","19":"tag-latestnews","20":"tag-latvia","21":"tag-latvian","22":"tag-latviesu","23":"tag-latviesu-valoda","24":"tag-latviesuvaloda","25":"tag-latvija","26":"tag-lv","27":"tag-news","28":"tag-popularakas-zinas","29":"tag-popularakaszinas","30":"tag-slugdzivnieki","31":"tag-slugsuni","32":"tag-slugtragedija","33":"tag-titledzivnieki","34":"tag-titlesuni","35":"tag-titletragedija","36":"tag-top-stories","37":"tag-topstories","38":"tag-zinas"},"share_on_mastodon":{"url":"","error":""},"_links":{"self":[{"href":"https:\/\/www.europesays.com\/lv\/wp-json\/wp\/v2\/posts\/18523","targetHints":{"allow":["GET"]}}],"collection":[{"href":"https:\/\/www.europesays.com\/lv\/wp-json\/wp\/v2\/posts"}],"about":[{"href":"https:\/\/www.europesays.com\/lv\/wp-json\/wp\/v2\/types\/post"}],"author":[{"embeddable":true,"href":"https:\/\/www.europesays.com\/lv\/wp-json\/wp\/v2\/users\/2"}],"replies":[{"embeddable":true,"href":"https:\/\/www.europesays.com\/lv\/wp-json\/wp\/v2\/comments?post=18523"}],"version-history":[{"count":0,"href":"https:\/\/www.europesays.com\/lv\/wp-json\/wp\/v2\/posts\/18523\/revisions"}],"wp:featuredmedia":[{"embeddable":true,"href":"https:\/\/www.europesays.com\/lv\/wp-json\/wp\/v2\/media\/18524"}],"wp:attachment":[{"href":"https:\/\/www.europesays.com\/lv\/wp-json\/wp\/v2\/media?parent=18523"}],"wp:term":[{"taxonomy":"category","embeddable":true,"href":"https:\/\/www.europesays.com\/lv\/wp-json\/wp\/v2\/categories?post=18523"},{"taxonomy":"post_tag","embeddable":true,"href":"https:\/\/www.europesays.com\/lv\/wp-json\/wp\/v2\/tags?post=18523"}],"curies":[{"name":"wp","href":"https:\/\/api.w.org\/{rel}","templated":true}]}}