{"id":18531,"date":"2025-10-11T18:07:07","date_gmt":"2025-10-11T18:07:07","guid":{"rendered":"https:\/\/www.europesays.com\/lv\/18531\/"},"modified":"2025-10-11T18:07:07","modified_gmt":"2025-10-11T18:07:07","slug":"pie-saeimas-pulcejas-nevalstiskas-organizacijas-aicinot-latviju-palikt-uzticigai-stambulas-konvencijai-lente-lv","status":"publish","type":"post","link":"https:\/\/www.europesays.com\/lv\/18531\/","title":{"rendered":"Pie Saeimas pulc\u0113jas nevalstisk\u0101s organiz\u0101cijas, aicinot Latviju palikt uztic\u012bgai Stambulas konvencijai\u00a0\u2014\u00a0Lente.lv"},"content":{"rendered":"<p>Neatkar\u012bg\u0101s organiz\u0101cijas pau\u017e atbalstu Stambulas konvencijai pie Saeimas<\/p>\n<p>\u0160odien, 2025. gada 11. oktobr\u012b, pie Saeimas nama norisin\u0101j\u0101s satrauco\u0161s protests, kur\u0101 virkne nevalstisko organiz\u0101ciju vienoj\u0101s, lai aicin\u0101tu Latvijas politi\u0137us saglab\u0101t uztic\u012bbu Stambulas konvencijai un noraid\u012bt likumprojektu par Latvijas izst\u0101\u0161anos no \u0161\u012b starptautisk\u0101 dokumenta.<\/p>\n<p>Organiz\u0101cijas uzsver, ka \u0161\u0101ds solis grautu Latvijas starptautisko reput\u0101ciju un v\u0113rt\u012bbas. Pol\u012bna Fi\u013cipova, centra &#8220;Marta&#8221; p\u0101rst\u0101ve, inform\u0113ja par protest\u0113t\u0101ju galvenajiem m\u0113r\u0137iem. Vi\u0146u vid\u016b bija t\u0101di paz\u012bstami nosaukumi k\u0101 &#8220;Protests&#8221;, kr\u012b\u017eu un konsult\u0101ciju centrs &#8220;Skalbes&#8221;, k\u0101 ar\u012b jaunatnes un sabiedrisko organiz\u0101ciju p\u0101rst\u0101vji.<\/p>\n<p>Stambulas konvencija: aizsardz\u012bba pret vardarb\u012bbu un cilv\u0113kties\u012bbu garantija<\/p>\n<p>Eiropas Padomes Konvencija par vardarb\u012bbas pret sieviet\u0113m un vardarb\u012bbas \u0123imen\u0113 nov\u0113r\u0161anu un apkaro\u0161anu, pla\u0161\u0101k paz\u012bstama k\u0101 Stambulas konvencija, ir noz\u012bm\u012bgs instruments, kas v\u0113rsts uz jebk\u0101das vardarb\u012bbas pret sieviet\u0113m izskau\u0161anu. T\u0101 tika atv\u0113rta parakst\u012b\u0161anai 2011. gad\u0101 un st\u0101j\u0101s sp\u0113k\u0101 2014. gad\u0101, p\u0113c t\u0101s ratifik\u0101cijas Eiropas Padomes dal\u012bbvalst\u012bs. Konvencija defin\u0113 vardarb\u012bbu pret sieviet\u0113m k\u0101 cilv\u0113kties\u012bbu p\u0101rk\u0101pumu un diskrimin\u0101ciju, uzsverot, ka t\u0101 skar sievietes nesam\u0113r\u012bgi. T\u0101 ne tikai aicina nov\u0113rst vardarb\u012bbu, bet ar\u012b aizsarg\u0101t t\u0101s upurus un saukt vain\u012bgos pie atbild\u012bbas.<\/p>\n<p>Latvijas v\u0101rd\u0101 konvenciju parakst\u012bja 2016. gad\u0101, ta\u010du t\u0101s ratifik\u0101cija Saeim\u0101 notika tikai 2023. gada 30. novembr\u012b. \u0160is process bija saist\u012bts ar diskusij\u0101m un da\u017e\u0101diem viedok\u013ciem, \u012bpa\u0161i attiec\u012bb\u0101 uz terminolo\u0123iju, piem\u0113ram, j\u0113dzienu &#8220;soci\u0101lais dzimums&#8221; (gender), kas izrais\u012bjis ba\u017eas par t\u0101 ietekmi uz Latvijas likumdo\u0161anu.<\/p>\n<p>Sabiedr\u012bbas mobiliz\u0101cija un politisk\u0101s debates<\/p>\n<p>\u0160obr\u012bd notieko\u0161\u0101s debates par Latvijas izst\u0101\u0161anos no Stambulas konvencijas ir saasin\u0101ju\u0161as sabiedr\u012bbas diskusijas. Saeimas \u0100rlietu komisija ir uzs\u0101kusi darbu pie likumprojekta par izst\u0101\u0161anos, kas izsaucis sp\u0113c\u012bgu pretreakciju no nevalstiskaj\u0101m organiz\u0101cij\u0101m. Aizst\u0101vji uzsver, ka konvencija ir veicin\u0101jusi noz\u012bm\u012bgas p\u0101rmai\u0146as Latvij\u0101, stiprinot cietu\u0161o tiesisko aizsardz\u012bbu un uzlabojot atbalsta pakalpojumus. Vi\u0146upr\u0101t, izst\u0101\u0161an\u0101s no konvencijas rad\u012btu iespaidu, ka valsts atk\u0101pjas no sav\u0101m starptautiskaj\u0101m saist\u012bb\u0101m, mazinot uztic\u012bbu Latvijai.<\/p>\n<p>Da\u017ei politiskie sp\u0113ki, piem\u0113ram, partija &#8220;Latvija pirmaj\u0101 viet\u0101&#8221;, iebilst pret konvenciju, apgalvojot, ka t\u0101 ir ideolo\u0123isks instruments, kas \u0161\u0137e\u013c sabiedr\u012bbu un nav efekt\u012bva vardarb\u012bbas nov\u0113r\u0161an\u0101. Vi\u0146upr\u0101t, nepiecie\u0161ami ir nacion\u0101lie likumi, nevis sve\u0161as ideolo\u0123ijas.<\/p>\n<p>Tom\u0113r pla\u0161s loks organiz\u0101ciju, tai skait\u0101 &#8220;Moza\u012bka&#8221;, &#8220;Active Rainbow&#8221; un &#8220;Sievietei Paveic\u0101s&#8221;, pau\u017e stingru atbalstu konvencijai. Vi\u0146upr\u0101t, atteik\u0161an\u0101s no \u0161\u012b l\u012bguma noz\u012bm\u0113tu soli atpaka\u013c cietu\u0161o aizsardz\u012bb\u0101 un vardarb\u012bbas nov\u0113r\u0161an\u0101. Sabiedr\u012bbas iniciat\u012bvu platform\u0101 &#8220;ManaBalss.lv&#8221; ir sav\u0101kti t\u016bksto\u0161iem parakstu par Latvijas palik\u0161anu konvencij\u0101, apliecinot pla\u0161u atbalstu t\u0101s saglab\u0101\u0161anai.<\/p>\n<p>Starptautisk\u0101 perspekt\u012bva un Latvijas saist\u012bbas<\/p>\n<p>Latvijas k\u0101 Eiropas Savien\u012bbas un Eiropas Padomes dal\u012bbvalsts starptautisk\u0101s saist\u012bbas cilv\u0113kties\u012bbu jom\u0101 ir pla\u0161as. Stambulas konvencijas denons\u0113\u0161ana rad\u012btu iespaidu, ka Latvija atk\u0101pjas no saviem sol\u012bjumiem, graujot t\u0101s uzticam\u012bbu k\u0101 starptautiskam partnerim. Nevalstisk\u0101s organiz\u0101cijas uzsver, ka, \u012bstenojot konvencijas pras\u012bbas, Latvij\u0101 p\u0113d\u0113jo divu gadu laik\u0101 pan\u0101ktas noz\u012bm\u012bgas un straujas izmai\u0146as vardarb\u012bbas nov\u0113r\u0161an\u0101.<\/p>\n<p>\u0160is jaut\u0101jums ir k\u013cuvis par noz\u012bm\u012bgu politisk\u0101s darba k\u0101rt\u012bbas elementu, atspogu\u013cojot pla\u0161\u0101ku sabiedr\u012bbas diskusiju par cilv\u0113kties\u012bb\u0101m, l\u012bdzties\u012bbu un dro\u0161\u012bbu Latvij\u0101. Organiz\u0101cijas turpina aicin\u0101t deput\u0101tus pie\u0146emt l\u0113mumu, kas aizsarg\u0101 visus Latvijas iedz\u012bvot\u0101jus un stiprina valsts starptautisko poz\u012bciju.<\/p>\n","protected":false},"excerpt":{"rendered":"Neatkar\u012bg\u0101s organiz\u0101cijas pau\u017e atbalstu Stambulas konvencijai pie Saeimas \u0160odien, 2025. gada 11. oktobr\u012b, pie Saeimas nama norisin\u0101j\u0101s satrauco\u0161s&hellip;\n","protected":false},"author":2,"featured_media":18532,"comment_status":"","ping_status":"","sticky":false,"template":"","format":"standard","meta":{"footnotes":""},"categories":[12],"tags":[23,28,29,142,32,33,22,30,31,35,39,38,36,37,34,40,6042,20,26,27,2023,24,25,2736,21],"class_list":{"0":"post-18531","1":"post","2":"type-post","3":"status-publish","4":"format-standard","5":"has-post-thumbnail","7":"category-latvija","8":"tag-aktualitates","9":"tag-breaking-news","10":"tag-breakingnews","11":"tag-cilvektiesibas","12":"tag-featured-news","13":"tag-featurednews","14":"tag-headlines","15":"tag-latest-news","16":"tag-latestnews","17":"tag-latvia","18":"tag-latvian","19":"tag-latviesu","20":"tag-latviesu-valoda","21":"tag-latviesuvaloda","22":"tag-latvija","23":"tag-lv","24":"tag-nevalstiskas-organizacijas","25":"tag-news","26":"tag-popularakas-zinas","27":"tag-popularakaszinas","28":"tag-stambulas-konvencija","29":"tag-top-stories","30":"tag-topstories","31":"tag-vardarbiba-gimene","32":"tag-zinas"},"share_on_mastodon":{"url":"","error":""},"_links":{"self":[{"href":"https:\/\/www.europesays.com\/lv\/wp-json\/wp\/v2\/posts\/18531","targetHints":{"allow":["GET"]}}],"collection":[{"href":"https:\/\/www.europesays.com\/lv\/wp-json\/wp\/v2\/posts"}],"about":[{"href":"https:\/\/www.europesays.com\/lv\/wp-json\/wp\/v2\/types\/post"}],"author":[{"embeddable":true,"href":"https:\/\/www.europesays.com\/lv\/wp-json\/wp\/v2\/users\/2"}],"replies":[{"embeddable":true,"href":"https:\/\/www.europesays.com\/lv\/wp-json\/wp\/v2\/comments?post=18531"}],"version-history":[{"count":0,"href":"https:\/\/www.europesays.com\/lv\/wp-json\/wp\/v2\/posts\/18531\/revisions"}],"wp:featuredmedia":[{"embeddable":true,"href":"https:\/\/www.europesays.com\/lv\/wp-json\/wp\/v2\/media\/18532"}],"wp:attachment":[{"href":"https:\/\/www.europesays.com\/lv\/wp-json\/wp\/v2\/media?parent=18531"}],"wp:term":[{"taxonomy":"category","embeddable":true,"href":"https:\/\/www.europesays.com\/lv\/wp-json\/wp\/v2\/categories?post=18531"},{"taxonomy":"post_tag","embeddable":true,"href":"https:\/\/www.europesays.com\/lv\/wp-json\/wp\/v2\/tags?post=18531"}],"curies":[{"name":"wp","href":"https:\/\/api.w.org\/{rel}","templated":true}]}}