{"id":185381,"date":"2026-04-22T20:50:10","date_gmt":"2026-04-22T20:50:10","guid":{"rendered":"https:\/\/www.europesays.com\/lv\/185381\/"},"modified":"2026-04-22T20:50:10","modified_gmt":"2026-04-22T20:50:10","slug":"diktatora-putina-draugs-fico-dosies-uz-maskavu-bet-9-maija-parade-nepiedalisoties","status":"publish","type":"post","link":"https:\/\/www.europesays.com\/lv\/185381\/","title":{"rendered":"Diktatora Putina draugs Fico dosies uz Maskavu, bet 9. maija par\u0101d\u0113 nepiedal\u012b\u0161oties"},"content":{"rendered":"<p>Igaunija, Lietuva un Latvija iepriek\u0161 liedza Fico lidma\u0161\u012bnai izmantot savu gaisa telpu, lai dotos uz 9. maija pas\u0101kumiem Maskav\u0101.<\/p>\n<p>Fico atk\u0101rtoti apstiprin\u0101ja savu nodomu doties uz Krieviju, nor\u0101dot, ka uzskata to par person\u012bgu pien\u0101kumu pret tiem, kas g\u0101ja boj\u0101 Otraj\u0101 pasaules kar\u0101.<\/p>\n<p>Eirop\u0101 Otr\u0101 pasaules kara upurus piemin 8. maij\u0101.<\/p>\n<p>Igaunijas \u0101rlietu ministrs Marguss Cahna uzsv\u0113ra, ka Igaunijas nost\u0101ja ir skaidra \u2013 neviena valsts nedr\u012bkst izmantot t\u0101s gaisa telpu, lai stiprin\u0101tu attiec\u012bbas ar Krieviju laik\u0101, kad Kremlis turpina ignor\u0113t starptautisk\u0101s normas un ved agres\u012bvu karu pret Ukrainu.<\/p>\n<p>Jau zi\u0146ots, ka ar\u012b pag\u0101ju\u0161aj\u0101 gad\u0101 Baltijas valstis neat\u013c\u0101va \u0161\u0137\u0113rsot savu gaisa telpu \u0101rvalstu amatpersonu lidma\u0161\u012bn\u0101m ce\u013c\u0101 uz Maskavu, kur 9. maij\u0101 tiek svin\u0113ta t\u0101 d\u0113v\u0113t\u0101 Uzvaras diena. Fico pag\u0101ju\u0161aj\u0101 gad\u0101 bija spiests veikt garu apk\u0101rtce\u013cu, lidojot p\u0101ri Ung\u0101rijai, Rum\u0101nijai un Melnajai j\u016brai. Iecer\u0113tais lidojuma mar\u0161ruts bija j\u0101maina ar\u012b Serbijas prezidenta Aleksandra Vu\u010di\u010da lidma\u0161\u012bnai.<\/p>\n<p class=\"tv3-fw-500\">Zi\u0146o par k\u013c\u016bdu rakst\u0101<\/p>\n<p class=\"d-md-block d-none\">Iez\u012bm\u0113 k\u013c\u016bdaino tekstu un spied Ctrl+Enter.<\/p>\n<p class=\"d-md-none d-block\">Iez\u012bm\u0113 k\u013c\u016bdaino tekstu un zi\u0146o par to!<\/p>\n","protected":false},"excerpt":{"rendered":"Igaunija, Lietuva un Latvija iepriek\u0161 liedza Fico lidma\u0161\u012bnai izmantot savu gaisa telpu, lai dotos uz 9. maija pas\u0101kumiem&hellip;\n","protected":false},"author":2,"featured_media":185382,"comment_status":"","ping_status":"","sticky":false,"template":"","format":"standard","meta":{"footnotes":"","_share_on_mastodon":"0"},"categories":[14],"tags":[35055,23,57,28,29,32,33,22,30,31,35,39,38,36,37,34,40,20,26,27,24,25,54,55,56,21,58],"class_list":["post-185381","post","type-post","status-publish","format-standard","has-post-thumbnail","category-zinas-no-arvalstim","tag-9-maijsmaskavaroberts-ficovladimirs-putins","tag-aktualitates","tag-arvalstim","tag-breaking-news","tag-breakingnews","tag-featured-news","tag-featurednews","tag-headlines","tag-latest-news","tag-latestnews","tag-latvia","tag-latvian","tag-latviesu","tag-latviesu-valoda","tag-latviesuvaloda","tag-latvija","tag-lv","tag-news","tag-popularakas-zinas","tag-popularakaszinas","tag-top-stories","tag-topstories","tag-world","tag-world-news","tag-worldnews","tag-zinas","tag-zinas-no-arvalstim"],"share_on_mastodon":{"url":"https:\/\/pubeurope.com\/@lv\/116450336678986561","error":""},"_links":{"self":[{"href":"https:\/\/www.europesays.com\/lv\/wp-json\/wp\/v2\/posts\/185381","targetHints":{"allow":["GET"]}}],"collection":[{"href":"https:\/\/www.europesays.com\/lv\/wp-json\/wp\/v2\/posts"}],"about":[{"href":"https:\/\/www.europesays.com\/lv\/wp-json\/wp\/v2\/types\/post"}],"author":[{"embeddable":true,"href":"https:\/\/www.europesays.com\/lv\/wp-json\/wp\/v2\/users\/2"}],"replies":[{"embeddable":true,"href":"https:\/\/www.europesays.com\/lv\/wp-json\/wp\/v2\/comments?post=185381"}],"version-history":[{"count":0,"href":"https:\/\/www.europesays.com\/lv\/wp-json\/wp\/v2\/posts\/185381\/revisions"}],"wp:featuredmedia":[{"embeddable":true,"href":"https:\/\/www.europesays.com\/lv\/wp-json\/wp\/v2\/media\/185382"}],"wp:attachment":[{"href":"https:\/\/www.europesays.com\/lv\/wp-json\/wp\/v2\/media?parent=185381"}],"wp:term":[{"taxonomy":"category","embeddable":true,"href":"https:\/\/www.europesays.com\/lv\/wp-json\/wp\/v2\/categories?post=185381"},{"taxonomy":"post_tag","embeddable":true,"href":"https:\/\/www.europesays.com\/lv\/wp-json\/wp\/v2\/tags?post=185381"}],"curies":[{"name":"wp","href":"https:\/\/api.w.org\/{rel}","templated":true}]}}