{"id":18574,"date":"2025-10-11T19:00:08","date_gmt":"2025-10-11T19:00:08","guid":{"rendered":"https:\/\/www.europesays.com\/lv\/18574\/"},"modified":"2025-10-11T19:00:08","modified_gmt":"2025-10-11T19:00:08","slug":"satses-zabaka-teritorija-maniti-neparasti-daudz-krievijas-karaviru-igaunija-celu-sledz","status":"publish","type":"post","link":"https:\/\/www.europesays.com\/lv\/18574\/","title":{"rendered":"S\u0101tses z\u0101baka teritorij\u0101 man\u012bti neparasti daudz Krievijas karav\u012bru \u2013 Igaunija ce\u013cu sl\u0113dz"},"content":{"rendered":"<p>Ce\u013ca posms ir paz\u012bstams ar\u012b k\u0101 S\u0101tses z\u0101baks.<\/p>\n<p>S\u0101tses z\u0101baka ce\u013cs aptuveni kilometra garum\u0101 da\u013c\u0113ji atrodas Krievijas pus\u0113 pie robe\u017eas.<\/p>\n<p>Igau\u0146i var br\u012bvi p\u0101rvietoties pa ce\u013cu starp ciemiem, pat ja ce\u013c\u0161 da\u013c\u0113ji atrodas Krievijas teritorij\u0101 \u2013 Krievijas v\u012bza nav nepiecie\u0161ama, ta\u010du pasei vai personas apliecino\u0161am dokumentam l\u012bdzi ir j\u0101b\u016bt. \u0160o pierobe\u017eas zonu var \u0161\u0137\u0113rsot, neapst\u0101joties ar automa\u0161\u012bnu vai velosip\u0113du. K\u0101j\u0101m staig\u0101t tur ir aizliegts.<\/p>\n<p><img decoding=\"async\" class=\"figure__image\" onclick=\"triggerEvent('articleImageClick', { id: 17205802, focus: 'single-image', focusIndex: '17205802' })\" onkeydown=\"if (event.key === 'Enter') {&#10;        triggerEvent('articleImageClick', { id: 17205802, focus: 'single-image', focusIndex: '17205802' })&#10;        }\" role=\"button\" tabindex=\"0\" data-focus-from=\"single-image\" data-focus-index=\"17205802\" src=\"https:\/\/f10.pmo.ee\/Diy7MS2TjCfHUAetZsCuyPUCfwU=\/768x0\/filters:format(webp)\/nginx\/o\/2025\/10\/11\/17205802t1h7d9c.jpg\" onload=\"this.parentElement.classList.remove('figure__image-loading')\" alt=\"\"\/> Foto: J\u00fcrgen Nauditt \ud83c\udde9\ud83c\uddea\ud83c\uddfa\ud83c\udde6 @jurgen_nauditt\/X.com<\/p>\n<p>Igaunijas Robe\u017esardze pazi\u0146ojusi, ka ir nol\u0113musi sl\u0113gt ce\u013cu, lai nov\u0113rstu iesp\u0113jamus incidentus, jo brauk\u0161ana pa \u0161o teritoriju \u0161obr\u012bd ir riskant\u0101ka nek\u0101 parasti.<\/p>\n<p>Igau\u0146u medijos public\u0113ts video, kur\u0101 redzami septi\u0146i bru\u0146oti karav\u012bri, kas st\u0101v uz ce\u013ca. Igaunijas robe\u017esargi zi\u0146o, ka Krievijas pus\u0113 staig\u0101 vair\u0101k nek\u0101 desmit cilv\u0113ku liela vien\u012bba.<\/p>\n<p>&#8220;Piektdien m\u016bsu patru\u013cas visas dienas garum\u0101 nov\u0113roja, ka aktivit\u0101te Krievijas pus\u0113 S\u0101tses apgabal\u0101 bija iev\u0113rojami intens\u012bv\u0101ka nek\u0101 parasti.<\/p>\n<blockquote class=\"quote ck-widget\" contenteditable=\"false\">\n<p>M\u0113s redz\u0113j\u0101m da\u017e\u0101das bru\u0146otas grupas, kas p\u0101rvietoj\u0101s gar robe\u017eu un t\u0101s tie\u0161\u0101 tuvum\u0101. Sprie\u017eot p\u0113c formas t\u0113rpiem, tie noteikti nebija robe\u017esargi,&#8221;<\/p>\n<\/blockquote>\n<p>sestdien raidsabiedr\u012bbai ERR past\u0101st\u012bja Igaunijas Policijas un robe\u017esardzes p\u0101rvaldes Dienvidu prefekt\u016bras robe\u017eapsardz\u012bbas biroja vad\u012bt\u0101js M\u0113lis S\u0101rep\u016b.<\/p>\n<p>K\u0101 v\u0113sta Igaunijas mediji, <a href=\"https:\/\/www.apollo.lv\/term\/555452\/krievija\" class=\"topicLink\" target=\"_blank\" rel=\"nofollow noopener\">Krievija<\/a> nav pazi\u0146ojusi, ko karav\u012bri dara \u0161aj\u0101 apgabal\u0101.<\/p>\n","protected":false},"excerpt":{"rendered":"Ce\u013ca posms ir paz\u012bstams ar\u012b k\u0101 S\u0101tses z\u0101baks. S\u0101tses z\u0101baka ce\u013cs aptuveni kilometra garum\u0101 da\u013c\u0113ji atrodas Krievijas pus\u0113&hellip;\n","protected":false},"author":2,"featured_media":18575,"comment_status":"","ping_status":"","sticky":false,"template":"","format":"standard","meta":{"footnotes":""},"categories":[14],"tags":[23,57,28,29,32,33,22,73,234,30,31,35,39,38,36,37,34,40,20,26,27,24,25,54,55,56,21,58],"class_list":{"0":"post-18574","1":"post","2":"type-post","3":"status-publish","4":"format-standard","5":"has-post-thumbnail","7":"category-zinas-no-arvalstim","8":"tag-aktualitates","9":"tag-arvalstim","10":"tag-breaking-news","11":"tag-breakingnews","12":"tag-featured-news","13":"tag-featurednews","14":"tag-headlines","15":"tag-igaunija","16":"tag-krievija","17":"tag-latest-news","18":"tag-latestnews","19":"tag-latvia","20":"tag-latvian","21":"tag-latviesu","22":"tag-latviesu-valoda","23":"tag-latviesuvaloda","24":"tag-latvija","25":"tag-lv","26":"tag-news","27":"tag-popularakas-zinas","28":"tag-popularakaszinas","29":"tag-top-stories","30":"tag-topstories","31":"tag-world","32":"tag-world-news","33":"tag-worldnews","34":"tag-zinas","35":"tag-zinas-no-arvalstim"},"share_on_mastodon":{"url":"","error":""},"_links":{"self":[{"href":"https:\/\/www.europesays.com\/lv\/wp-json\/wp\/v2\/posts\/18574","targetHints":{"allow":["GET"]}}],"collection":[{"href":"https:\/\/www.europesays.com\/lv\/wp-json\/wp\/v2\/posts"}],"about":[{"href":"https:\/\/www.europesays.com\/lv\/wp-json\/wp\/v2\/types\/post"}],"author":[{"embeddable":true,"href":"https:\/\/www.europesays.com\/lv\/wp-json\/wp\/v2\/users\/2"}],"replies":[{"embeddable":true,"href":"https:\/\/www.europesays.com\/lv\/wp-json\/wp\/v2\/comments?post=18574"}],"version-history":[{"count":0,"href":"https:\/\/www.europesays.com\/lv\/wp-json\/wp\/v2\/posts\/18574\/revisions"}],"wp:featuredmedia":[{"embeddable":true,"href":"https:\/\/www.europesays.com\/lv\/wp-json\/wp\/v2\/media\/18575"}],"wp:attachment":[{"href":"https:\/\/www.europesays.com\/lv\/wp-json\/wp\/v2\/media?parent=18574"}],"wp:term":[{"taxonomy":"category","embeddable":true,"href":"https:\/\/www.europesays.com\/lv\/wp-json\/wp\/v2\/categories?post=18574"},{"taxonomy":"post_tag","embeddable":true,"href":"https:\/\/www.europesays.com\/lv\/wp-json\/wp\/v2\/tags?post=18574"}],"curies":[{"name":"wp","href":"https:\/\/api.w.org\/{rel}","templated":true}]}}