{"id":18585,"date":"2025-10-11T19:20:10","date_gmt":"2025-10-11T19:20:10","guid":{"rendered":"https:\/\/www.europesays.com\/lv\/18585\/"},"modified":"2025-10-11T19:20:10","modified_gmt":"2025-10-11T19:20:10","slug":"video-%e2%9f%a9-ukraina-veikusi-talo-dronu-triecienu-naftas-parstrades-rupnicai-baskortostana","status":"publish","type":"post","link":"https:\/\/www.europesays.com\/lv\/18585\/","title":{"rendered":"VIDEO \u27e9 Ukraina veikusi t\u0101lo dronu triecienu naftas p\u0101rstr\u0101des r\u016bpn\u012bcai Ba\u0161kortost\u0101n\u0101"},"content":{"rendered":"<p>K\u0101 pav\u0113st\u012bja avoti specdienest\u0101, Ufa ir viens no liel\u0101kajiem naftas p\u0101rstr\u0101des centriem Krievij\u0101, kas apg\u0101d\u0101 ar degvielu un sm\u0113rviel\u0101m Krievijas bru\u0146otos sp\u0113kus.<\/p>\n<p>P\u0113c sarunu biedra teikt\u0101, p\u0113c spr\u0101dzieniem &#8220;Ba\u0161nafta-UNPZ&#8221; teritorij\u0101 uz turieni s\u0101kusi braukt ugunsdz\u0113s\u012bbas tehnika, un virs pa\u0161as r\u016bpn\u012bcas pace\u013cas melnu d\u016bmu stabs.<\/p>\n<p>Saska\u0146\u0101 ar s\u0101kotn\u0113jo inform\u0101ciju p\u0113c drona trieciena ugunsgr\u0113ks izc\u0113lies naftas p\u0101rstr\u0101des iek\u0101rtas teritorij\u0101.<\/p>\n<p>&#8220;\u0160is ir jau tre\u0161ais SBU t\u0101lais trieciens Ba\u0161kortost\u0101n\u0101 &#8211; 1400 kilometru att\u0101lum\u0101 no Ukrainas &#8211; p\u0113d\u0113j\u0101 m\u0113ne\u0161a laik\u0101. \u0160\u0101di triecieni pier\u0101da, ka dzi\u013ci Krievijas aizmugur\u0113 nav dro\u0161u vietu. SBU var sasniegt jebkurus objektus ienaidnieka teritorij\u0101, kas str\u0101d\u0101 karam pret Ukrainu,&#8221; sac\u012bja avots SBU.<\/p>\n<blockquote class=\"twitter-tweet\" data-media-max-width=\"560\">\n<p lang=\"en\" dir=\"ltr\">Ukraine no longer messing around, now hitting the very core of Russia&#8217;s refining industry, 1400km from Ukraine in Russia&#8217;s Ufa, in Bashkortostan.<\/p>\n<p>This complex consists of 3(!) refineries, making it #1 in terms of capacity in all Russia. <a target=\"_blank\" rel=\"noopener noreferrer nofollow\" href=\"https:\/\/t.co\/6pdoK7VVLM\">https:\/\/t.co\/6pdoK7VVLM<\/a> <a target=\"_blank\" rel=\"noopener noreferrer nofollow\" href=\"https:\/\/t.co\/erkS8jCKEq\">pic.twitter.com\/erkS8jCKEq<\/a><\/p>\n<p>\u2014 Jay in Kyiv (@JayinKyiv) <a target=\"_blank\" rel=\"noopener noreferrer nofollow\" href=\"https:\/\/twitter.com\/JayinKyiv\/status\/1976970403357868183?ref_src=twsrc%5Etfw\">October 11, 2025<\/a><\/p>\n<\/blockquote>\n<p><script async src=\"https:\/\/platform.twitter.com\/widgets.js\" charset=\"utf-8\"><\/script><\/p>\n","protected":false},"excerpt":{"rendered":"K\u0101 pav\u0113st\u012bja avoti specdienest\u0101, Ufa ir viens no liel\u0101kajiem naftas p\u0101rstr\u0101des centriem Krievij\u0101, kas apg\u0101d\u0101 ar degvielu un&hellip;\n","protected":false},"author":2,"featured_media":18586,"comment_status":"","ping_status":"","sticky":false,"template":"","format":"standard","meta":{"footnotes":""},"categories":[5],"tags":[23,28,29,32,33,22,234,74,30,31,35,39,38,36,37,34,40,2421,20,26,27,24,25,276,21],"class_list":{"0":"post-18585","1":"post","2":"type-post","3":"status-publish","4":"format-standard","5":"has-post-thumbnail","7":"category-aktualitates","8":"tag-aktualitates","9":"tag-breaking-news","10":"tag-breakingnews","11":"tag-featured-news","12":"tag-featurednews","13":"tag-headlines","14":"tag-krievija","15":"tag-krievijas-iebrukums-ukraina","16":"tag-latest-news","17":"tag-latestnews","18":"tag-latvia","19":"tag-latvian","20":"tag-latviesu","21":"tag-latviesu-valoda","22":"tag-latviesuvaloda","23":"tag-latvija","24":"tag-lv","25":"tag-nafta","26":"tag-news","27":"tag-popularakas-zinas","28":"tag-popularakaszinas","29":"tag-top-stories","30":"tag-topstories","31":"tag-ukraina","32":"tag-zinas"},"share_on_mastodon":{"url":"","error":""},"_links":{"self":[{"href":"https:\/\/www.europesays.com\/lv\/wp-json\/wp\/v2\/posts\/18585","targetHints":{"allow":["GET"]}}],"collection":[{"href":"https:\/\/www.europesays.com\/lv\/wp-json\/wp\/v2\/posts"}],"about":[{"href":"https:\/\/www.europesays.com\/lv\/wp-json\/wp\/v2\/types\/post"}],"author":[{"embeddable":true,"href":"https:\/\/www.europesays.com\/lv\/wp-json\/wp\/v2\/users\/2"}],"replies":[{"embeddable":true,"href":"https:\/\/www.europesays.com\/lv\/wp-json\/wp\/v2\/comments?post=18585"}],"version-history":[{"count":0,"href":"https:\/\/www.europesays.com\/lv\/wp-json\/wp\/v2\/posts\/18585\/revisions"}],"wp:featuredmedia":[{"embeddable":true,"href":"https:\/\/www.europesays.com\/lv\/wp-json\/wp\/v2\/media\/18586"}],"wp:attachment":[{"href":"https:\/\/www.europesays.com\/lv\/wp-json\/wp\/v2\/media?parent=18585"}],"wp:term":[{"taxonomy":"category","embeddable":true,"href":"https:\/\/www.europesays.com\/lv\/wp-json\/wp\/v2\/categories?post=18585"},{"taxonomy":"post_tag","embeddable":true,"href":"https:\/\/www.europesays.com\/lv\/wp-json\/wp\/v2\/tags?post=18585"}],"curies":[{"name":"wp","href":"https:\/\/api.w.org\/{rel}","templated":true}]}}