{"id":18589,"date":"2025-10-11T19:26:11","date_gmt":"2025-10-11T19:26:11","guid":{"rendered":"https:\/\/www.europesays.com\/lv\/18589\/"},"modified":"2025-10-11T19:26:11","modified_gmt":"2025-10-11T19:26:11","slug":"ta-ir-pieradijusi-ka-politika-ir-svarigaka-par-mieru","status":"publish","type":"post","link":"https:\/\/www.europesays.com\/lv\/18589\/","title":{"rendered":"T\u0101 ir pier\u0101d\u012bjusi, ka politika ir svar\u012bg\u0101ka par mieru"},"content":{"rendered":"<p>Nobela Miera pr\u0113mijas pie\u0161\u0137ir\u0161ana Venecu\u0113las opoz\u012bcijas l\u012bderei Marijai Korinai Ma\u010dado, nevis ASV prezidentam Donaldam Trampam, ir apliecin\u0101jums tam, ka Nobela komitejai politika ir svar\u012bg\u0101ka par mieru, piektdien pauda Balt\u0101 nama komunik\u0101cijas direktors St\u012bvens \u010ceungs.<\/p>\n<p>&#8220;Nobela komiteja ir pier\u0101d\u012bjusi, ka politika ir svar\u012bg\u0101ka par mieru,&#8221; platform\u0101 &#8220;X&#8221; pauda \u010ceungs.<\/p>\n<p>&#8220;Prezidents Tramps turpin\u0101s sl\u0113gt miera l\u012bgumus, izbeigt karus un gl\u0101bt dz\u012bv\u012bbas. Vi\u0146am ir hum\u0101nista sirds, un nekad neb\u016bs neviena t\u0101da k\u0101 vi\u0146\u0161, kas ar savu gribas sp\u0113ku sp\u0113j p\u0101rcelt kalnus,&#8221; kl\u0101st\u012bja Balt\u0101 nama amatpersona.<\/p>\n<p>Kop\u0161 atgrie\u0161an\u0101s janv\u0101r\u012b Baltaj\u0101 nam\u0101 Tramps vair\u0101kk\u0101rt paudis, ka Nobela Miera pr\u0113miju vi\u0146\u0161 ir peln\u012bjis par savu lomu daudzu konfliktu atrisin\u0101\u0161an\u0101.<\/p>\n<p>P\u0113d\u0113jo m\u0113ne\u0161u laik\u0101 Tramps teicis, ka pan\u0101cis se\u0161u septi\u0146u karu aptur\u0113\u0161anu. Tiesa, koment\u0113t\u0101ji, mediji un l\u012bderi daudzviet, ar\u012b valst\u012bs, starp kur\u0101m, k\u0101 nor\u0101da Tramps, vi\u0146\u0161 izbeidzis karus, \u0161os apgalvojumus v\u0113rt\u0113 vismaz k\u0101 p\u0101rsp\u012bl\u0113jumus.<\/p>\n<p>Miera pr\u0113mijas laure\u0101ta pasludin\u0101\u0161anas priek\u0161vakar\u0101 Tramps atk\u0101rtoja savu apgalvojumu, sakot, ka \u0161oned\u0113\u013c pan\u0101ktais pamiera pirmais posms Gazas josl\u0101 ir astotais kar\u0161, ko vi\u0146\u0161 ir izbeidzis.<\/p>\n<p>Ta\u010du ceturtdien vi\u0146\u0161 piebilda: &#8220;Lai ko vi\u0146i dar\u012btu, tas ir labi. Es zinu to &#8211; es to nedar\u012bju t\u0101 labad, es to dar\u012bju t\u0101p\u0113c, ka ar to esmu izgl\u0101bis daudz dz\u012bv\u012bbu.&#8221;<\/p>\n<p>Nobela pr\u0113mijas eksperti Oslo pirms piektdienas pazi\u0146ojuma bija uzst\u0101j\u012bgi apgalvoju\u0161i, ka Trampam nav nek\u0101du izred\u017eu, nor\u0101dot, ka vi\u0146a politika &#8220;Amerika pirmaj\u0101 viet\u0101&#8221; ir pretrun\u0101 ar Miera pr\u0113mijas ide\u0101liem, kas izkl\u0101st\u012bti Alfr\u0113da Nobela 1895. gada testament\u0101.<\/p>\n","protected":false},"excerpt":{"rendered":"Nobela Miera pr\u0113mijas pie\u0161\u0137ir\u0161ana Venecu\u0113las opoz\u012bcijas l\u012bderei Marijai Korinai Ma\u010dado, nevis ASV prezidentam Donaldam Trampam, ir apliecin\u0101jums tam,&hellip;\n","protected":false},"author":2,"featured_media":18590,"comment_status":"","ping_status":"","sticky":false,"template":"","format":"standard","meta":{"footnotes":""},"categories":[5],"tags":[129,957,23,28,29,32,33,22,30,31,35,39,38,36,37,34,40,20,26,27,958,959,24,25,21],"class_list":{"0":"post-18589","1":"post","2":"type-post","3":"status-publish","4":"format-standard","5":"has-post-thumbnail","7":"category-aktualitates","8":"tag-__typenameadvicekeyword","9":"tag-id597","10":"tag-aktualitates","11":"tag-breaking-news","12":"tag-breakingnews","13":"tag-featured-news","14":"tag-featurednews","15":"tag-headlines","16":"tag-latest-news","17":"tag-latestnews","18":"tag-latvia","19":"tag-latvian","20":"tag-latviesu","21":"tag-latviesu-valoda","22":"tag-latviesuvaloda","23":"tag-latvija","24":"tag-lv","25":"tag-news","26":"tag-popularakas-zinas","27":"tag-popularakaszinas","28":"tag-slugasv","29":"tag-titleasv","30":"tag-top-stories","31":"tag-topstories","32":"tag-zinas"},"share_on_mastodon":{"url":"","error":""},"_links":{"self":[{"href":"https:\/\/www.europesays.com\/lv\/wp-json\/wp\/v2\/posts\/18589","targetHints":{"allow":["GET"]}}],"collection":[{"href":"https:\/\/www.europesays.com\/lv\/wp-json\/wp\/v2\/posts"}],"about":[{"href":"https:\/\/www.europesays.com\/lv\/wp-json\/wp\/v2\/types\/post"}],"author":[{"embeddable":true,"href":"https:\/\/www.europesays.com\/lv\/wp-json\/wp\/v2\/users\/2"}],"replies":[{"embeddable":true,"href":"https:\/\/www.europesays.com\/lv\/wp-json\/wp\/v2\/comments?post=18589"}],"version-history":[{"count":0,"href":"https:\/\/www.europesays.com\/lv\/wp-json\/wp\/v2\/posts\/18589\/revisions"}],"wp:featuredmedia":[{"embeddable":true,"href":"https:\/\/www.europesays.com\/lv\/wp-json\/wp\/v2\/media\/18590"}],"wp:attachment":[{"href":"https:\/\/www.europesays.com\/lv\/wp-json\/wp\/v2\/media?parent=18589"}],"wp:term":[{"taxonomy":"category","embeddable":true,"href":"https:\/\/www.europesays.com\/lv\/wp-json\/wp\/v2\/categories?post=18589"},{"taxonomy":"post_tag","embeddable":true,"href":"https:\/\/www.europesays.com\/lv\/wp-json\/wp\/v2\/tags?post=18589"}],"curies":[{"name":"wp","href":"https:\/\/api.w.org\/{rel}","templated":true}]}}