{"id":18593,"date":"2025-10-11T19:32:10","date_gmt":"2025-10-11T19:32:10","guid":{"rendered":"https:\/\/www.europesays.com\/lv\/18593\/"},"modified":"2025-10-11T19:32:10","modified_gmt":"2025-10-11T19:32:10","slug":"sabiedriska-transporta-tikla-pilnveidosanai-jasamazina-marsrutu-parklasanas","status":"publish","type":"post","link":"https:\/\/www.europesays.com\/lv\/18593\/","title":{"rendered":"Sabiedrisk\u0101 transporta t\u012bkla pilnveido\u0161anai j\u0101samazina mar\u0161rutu p\u0101rkl\u0101\u0161an\u0101s"},"content":{"rendered":"<p>Sabiedrisk\u0101 transporta t\u012bkla pilnveido\u0161anai j\u0101samazina mar\u0161rutu p\u0101rkl\u0101\u0161an\u0101s, piektdien, piedaloties Latvijas Pa\u0161vald\u012bbu savien\u012bbas (LPS) Tautsaimniec\u012bbas komitejas s\u0113d\u0113, sac\u012bja satiksmes ministrs Atis \u0160vinka (P).<\/p>\n<p>Vi\u0146\u0161 uzsv\u0113ra, ka skol\u0113nu autobusiem, re\u0123ion\u0101lajiem autobusiem, pils\u0113tu autobusiem un vilcieniem ir j\u0101rod siner\u0123ija, k\u0101 ar\u012b j\u0101minimiz\u0113 mar\u0161rutu p\u0101rkl\u0101\u0161an\u0101s. &#8220;Iedz\u012bvot\u0101ju mobilit\u0101ti var nodro\u0161in\u0101t tikai cie\u0161i sadarbojoties ar vis\u0101m iesaist\u012btaj\u0101m pus\u0113m un pie\u0146emot datos balst\u012btus l\u0113mumus,&#8221; piebilda \u0160vinka.<\/p>\n<p>S\u0113des laik\u0101 SM ar LPS p\u0101rrun\u0101ja n\u0101kamgad pl\u0101not\u0101s izmai\u0146as re\u0123ion\u0101laj\u0101 satiksm\u0113 un risin\u0101jumus iedz\u012bvot\u0101ju mobilit\u0101tes nodro\u0161in\u0101\u0161anai.<\/p>\n<p>\u0145emot v\u0113r\u0101 pl\u0101not\u0101s izmai\u0146as R\u012bgas metropoles are\u0101l\u0101, SM ieskat\u0101 R\u012bgas un Pier\u012bgas pa\u0161vald\u012bb\u0101m ir b\u016btiski sadarboties ar liel\u0101ku siner\u0123iju, pasa\u017eieru p\u0101rvad\u0101jumiem piesaistot uz\u0146\u0113mumu &#8220;R\u012bgas satiksme&#8221;. \u0160vinka sac\u012bja, ka mobilit\u0101tes nodro\u0161in\u0101\u0161anai R\u012bgas metropol\u0113 v\u0113l ir daudz neizmantotu iesp\u0113ju. Vi\u0146\u0161 ir p\u0101rliecin\u0101ts, ka, kop\u012bgi str\u0101d\u0101jot, izdosies iedz\u012bvot\u0101ju ikdienas p\u0101rvieto\u0161anos padar\u012bt \u0113rt\u0101ku.<\/p>\n<p>&#8220;Pirmais solis ir sperts &#8211; R\u012bgas un Ropa\u017eu pa\u0161vald\u012bbas ir vienoju\u0161\u0101s par sadarb\u012bbu. \u0160aj\u0101 virzien\u0101 ir j\u0101turpina str\u0101d\u0101t ar\u012b cit\u0101m Pier\u012bgas pa\u0161vald\u012bb\u0101m,&#8221; skaidroja \u0160vinka.<\/p>\n<p>Ministrs k\u0101 b\u016btisku priek\u0161nosac\u012bjumu efekt\u012bvu sabiedrisk\u0101 transporta risin\u0101jumu izveidei akcent\u0113ja datu nepiecie\u0161am\u012bbu un datos balst\u012btu l\u0113mumu pie\u0146em\u0161anu. Ministrijas ieskat\u0101 vienota valsts un pa\u0161vald\u012bbu datub\u0101ze par aktu\u0101lo situ\u0101ciju pasa\u017eieru p\u0101rvad\u0101jumu jom\u0101 dos skaidru izpratni par konkr\u0113tu risin\u0101jumu ievie\u0161anu un efekt\u012bvu resursu p\u0101rvald\u012bbu. T\u0101d\u0113j\u0101di viens no darba jaut\u0101jumiem, kas j\u0101risina, ir piepras\u012bjuma p\u0113c skolu autobusiem anal\u012bze un iesp\u0113jam\u0101 integr\u0101cija re\u0123ion\u0101laj\u0101 autobusu mar\u0161rutu t\u012bkl\u0101.<\/p>\n<p>Vienlaikus SM uzsver, ka turpin\u0101s att\u012bst\u012bt dzelzce\u013cu k\u0101 sabiedrisk\u0101 transporta mugurkaulu, att\u012bstot re\u0123ion\u0101lo autobusu t\u012bklu k\u0101 papildino\u0161u vilcienu mar\u0161rutiem.<\/p>\n<p>Puses vienoj\u0101s, ka kop\u012bgi str\u0101d\u0101s, lai izveidotu ilgtsp\u0113j\u012bgu re\u0123ion\u0101l\u0101 sabiedrisk\u0101 transporta finans\u0113\u0161anas modeli, defin\u0113tu re\u0123ion\u0101l\u0101 transporta t\u012bkla mar\u0161rutu pieejam\u012bbu, nosakot minim\u0101lo pieejam\u012bbas pras\u012bbu grozu. T\u0101pat, sadarbojoties ar LPS, pl\u0101nots p\u0101rskat\u012bt re\u0123ion\u0101lo autobusu p\u0101rvad\u0101jumu kvalit\u0101tes pras\u012bbas.<\/p>\n<p>T\u0101pat n\u0101kamgad sadarb\u012bb\u0101 ar LPS un cit\u0101m iesaist\u012btaj\u0101m pus\u0113m pl\u0101nots izstr\u0101d\u0101t ilgtsp\u0113j\u012bgu risin\u0101jumu un finans\u0113\u0161anas modeli jaunam pakalpojumam &#8211; sabiedriskajam transportam p\u0113c piepras\u012bjuma mazapdz\u012bvot\u0101s viet\u0101s.<\/p>\n<p>Jau zi\u0146ots, ka R\u012bgas pl\u0101no\u0161anas re\u0123iona Att\u012bst\u012bbas padome, kuru veido pa\u0161vald\u012bbu vad\u012bt\u0101ji un p\u0101rst\u0101vji, nos\u016bt\u012bjusi v\u0113stuli \u0160vinkam, kur\u0101 pau\u017e iebildumus pret prognoz\u0113to re\u0123ion\u0101l\u0101s viet\u0113j\u0101s noz\u012bmes mar\u0161rutu t\u012bkla apjoma samazin\u0101\u0161anu 2026. gad\u0101.<\/p>\n<p>K\u0101 inform\u0113ja R\u012bgas pl\u0101no\u0161anas re\u0123iona administr\u0101cijas vad\u012bt\u0101js Edgars Ranti\u0146\u0161, padomes ieskat\u0101 \u0161\u0101dam l\u0113mumam b\u016bs b\u016btiska ietekme uz sabiedrisk\u0101 transporta pieejam\u012bbu Pier\u012bgas iedz\u012bvot\u0101jiem.<\/p>\n","protected":false},"excerpt":{"rendered":"Sabiedrisk\u0101 transporta t\u012bkla pilnveido\u0161anai j\u0101samazina mar\u0161rutu p\u0101rkl\u0101\u0161an\u0101s, piektdien, piedaloties Latvijas Pa\u0161vald\u012bbu savien\u012bbas (LPS) Tautsaimniec\u012bbas komitejas s\u0113d\u0113, sac\u012bja satiksmes&hellip;\n","protected":false},"author":2,"featured_media":18594,"comment_status":"","ping_status":"","sticky":false,"template":"","format":"standard","meta":{"footnotes":""},"categories":[5],"tags":[23,28,29,47,32,33,22,381,64,30,31,35,39,38,36,37,34,40,20,385,26,27,172,382,384,383,24,25,21],"class_list":{"0":"post-18593","1":"post","2":"type-post","3":"status-publish","4":"format-standard","5":"has-post-thumbnail","7":"category-aktualitates","8":"tag-aktualitates","9":"tag-breaking-news","10":"tag-breakingnews","11":"tag-ekonomika","12":"tag-featured-news","13":"tag-featurednews","14":"tag-headlines","15":"tag-jaunumi","16":"tag-kultura","17":"tag-latest-news","18":"tag-latestnews","19":"tag-latvia","20":"tag-latvian","21":"tag-latviesu","22":"tag-latviesu-valoda","23":"tag-latviesuvaloda","24":"tag-latvija","25":"tag-lv","26":"tag-news","27":"tag-pieriga","28":"tag-popularakas-zinas","29":"tag-popularakaszinas","30":"tag-riga","31":"tag-sabiedriba","32":"tag-sludinajumi","33":"tag-sports-afisa","34":"tag-top-stories","35":"tag-topstories","36":"tag-zinas"},"share_on_mastodon":{"url":"","error":""},"_links":{"self":[{"href":"https:\/\/www.europesays.com\/lv\/wp-json\/wp\/v2\/posts\/18593","targetHints":{"allow":["GET"]}}],"collection":[{"href":"https:\/\/www.europesays.com\/lv\/wp-json\/wp\/v2\/posts"}],"about":[{"href":"https:\/\/www.europesays.com\/lv\/wp-json\/wp\/v2\/types\/post"}],"author":[{"embeddable":true,"href":"https:\/\/www.europesays.com\/lv\/wp-json\/wp\/v2\/users\/2"}],"replies":[{"embeddable":true,"href":"https:\/\/www.europesays.com\/lv\/wp-json\/wp\/v2\/comments?post=18593"}],"version-history":[{"count":0,"href":"https:\/\/www.europesays.com\/lv\/wp-json\/wp\/v2\/posts\/18593\/revisions"}],"wp:featuredmedia":[{"embeddable":true,"href":"https:\/\/www.europesays.com\/lv\/wp-json\/wp\/v2\/media\/18594"}],"wp:attachment":[{"href":"https:\/\/www.europesays.com\/lv\/wp-json\/wp\/v2\/media?parent=18593"}],"wp:term":[{"taxonomy":"category","embeddable":true,"href":"https:\/\/www.europesays.com\/lv\/wp-json\/wp\/v2\/categories?post=18593"},{"taxonomy":"post_tag","embeddable":true,"href":"https:\/\/www.europesays.com\/lv\/wp-json\/wp\/v2\/tags?post=18593"}],"curies":[{"name":"wp","href":"https:\/\/api.w.org\/{rel}","templated":true}]}}