{"id":186304,"date":"2026-04-23T23:21:12","date_gmt":"2026-04-23T23:21:12","guid":{"rendered":"https:\/\/www.europesays.com\/lv\/186304\/"},"modified":"2026-04-23T23:21:12","modified_gmt":"2026-04-23T23:21:12","slug":"vacija-aizdomas-ka-arvalstu-agenti-aiztureti-latvijas-un-ukrainas-pilsoni","status":"publish","type":"post","link":"https:\/\/www.europesays.com\/lv\/186304\/","title":{"rendered":"V\u0101cij\u0101 aizdom\u0101s k\u0101 \u0101rvalstu a\u0123enti aiztur\u0113ti Latvijas un Ukrainas pilso\u0146i"},"content":{"rendered":"<p>Viens no aiztur\u0113tajiem ir 45 gadus vecs Latvijas pilsonis, bet otrs &#8211; 43 gadus vecs Ukrainas pilsonis.<\/p>\n<p>Vi\u0146i aiztur\u0113ti 12. apr\u012bl\u012b uz autostr\u0101des A6 net\u0101lu no Noiendetelzavas Bav\u0101rij\u0101, pav\u0113st\u012bjusi zemes krimin\u0101lpolicijas p\u0101rvalde.<\/p>\n<p>Varasiest\u0101des uzskata, ka abi darboju\u0161ies k\u0101das \u0101rpus V\u0101cijas eso\u0161as organiz\u0101cijas vai iest\u0101des interes\u0113s, ta\u010du s\u012bk\u0101kas zi\u0146as <a href=\"https:\/\/www.apollo.lv\/term\/565901\/policija\" class=\"topicLink\" target=\"_blank\" rel=\"nofollow noopener\">policija<\/a> nav sniegusi.<\/p>\n<p>Prokurat\u016bra abus tur aizdom\u0101s k\u0101 a\u0123entus, kuru uzdevums bijusi sabot\u0101\u017ea. Vi\u0146i izmantoju\u0161i ar\u012b viltotus personu apliecino\u0161us dokumentus.<\/p>\n<p>Aiztur\u0113to automa\u0161\u012bnas p\u0101rmekl\u0113\u0161anas laik\u0101 policija atradusi aizdom\u012bgus priek\u0161metus, taj\u0101 skait\u0101 viltotus dokumentus, GPS izseko\u0161anas ier\u012bces, radiosakaru l\u012bdzek\u013cus, k\u0101 ar\u012b lielu skaitu mobilo t\u0101lru\u0146u un SIM kar\u0161u.<\/p>\n<p>Abi v\u012brie\u0161i, kam ir past\u0101v\u012bg\u0101s uztur\u0113\u0161an\u0101s at\u013caujas V\u0101cij\u0101, aiztur\u0113\u0161anas br\u012bd\u012b dev\u0101s \u010cehijas robe\u017eas virzien\u0101.<\/p>\n<p>Abi aiztur\u0113tie atrodas pirmstiesas apcietin\u0101jum\u0101.<\/p>\n","protected":false},"excerpt":{"rendered":"Viens no aiztur\u0113tajiem ir 45 gadus vecs Latvijas pilsonis, bet otrs &#8211; 43 gadus vecs Ukrainas pilsonis. Vi\u0146i&hellip;\n","protected":false},"author":2,"featured_media":186305,"comment_status":"","ping_status":"","sticky":false,"template":"","format":"standard","meta":{"footnotes":"","_share_on_mastodon":"0"},"categories":[12],"tags":[23,28,29,32,33,22,30,31,35,39,38,36,37,34,40,20,295,163,26,27,24,25,299,21],"class_list":["post-186304","post","type-post","status-publish","format-standard","has-post-thumbnail","category-latvija","tag-aktualitates","tag-breaking-news","tag-breakingnews","tag-featured-news","tag-featurednews","tag-headlines","tag-latest-news","tag-latestnews","tag-latvia","tag-latvian","tag-latviesu","tag-latviesu-valoda","tag-latviesuvaloda","tag-latvija","tag-lv","tag-news","tag-noziegums","tag-policija","tag-popularakas-zinas","tag-popularakaszinas","tag-top-stories","tag-topstories","tag-vacija","tag-zinas"],"share_on_mastodon":{"url":"https:\/\/pubeurope.com\/@lv\/116456592752592477","error":""},"_links":{"self":[{"href":"https:\/\/www.europesays.com\/lv\/wp-json\/wp\/v2\/posts\/186304","targetHints":{"allow":["GET"]}}],"collection":[{"href":"https:\/\/www.europesays.com\/lv\/wp-json\/wp\/v2\/posts"}],"about":[{"href":"https:\/\/www.europesays.com\/lv\/wp-json\/wp\/v2\/types\/post"}],"author":[{"embeddable":true,"href":"https:\/\/www.europesays.com\/lv\/wp-json\/wp\/v2\/users\/2"}],"replies":[{"embeddable":true,"href":"https:\/\/www.europesays.com\/lv\/wp-json\/wp\/v2\/comments?post=186304"}],"version-history":[{"count":0,"href":"https:\/\/www.europesays.com\/lv\/wp-json\/wp\/v2\/posts\/186304\/revisions"}],"wp:featuredmedia":[{"embeddable":true,"href":"https:\/\/www.europesays.com\/lv\/wp-json\/wp\/v2\/media\/186305"}],"wp:attachment":[{"href":"https:\/\/www.europesays.com\/lv\/wp-json\/wp\/v2\/media?parent=186304"}],"wp:term":[{"taxonomy":"category","embeddable":true,"href":"https:\/\/www.europesays.com\/lv\/wp-json\/wp\/v2\/categories?post=186304"},{"taxonomy":"post_tag","embeddable":true,"href":"https:\/\/www.europesays.com\/lv\/wp-json\/wp\/v2\/tags?post=186304"}],"curies":[{"name":"wp","href":"https:\/\/api.w.org\/{rel}","templated":true}]}}