{"id":18654,"date":"2025-10-11T21:14:08","date_gmt":"2025-10-11T21:14:08","guid":{"rendered":"https:\/\/www.europesays.com\/lv\/18654\/"},"modified":"2025-10-11T21:14:08","modified_gmt":"2025-10-11T21:14:08","slug":"noskaties-%e2%9f%a9-policija-sak-kriminalprocesu-par-modra-olas-saimnieka-tris-sunu-nosausanu-brunavas-pagasta","status":"publish","type":"post","link":"https:\/\/www.europesays.com\/lv\/18654\/","title":{"rendered":"NOSKATIES \u27e9 Policija s\u0101k krimin\u0101lprocesu par \u201cModra olas\u201d saimnieka tr\u012bs su\u0146u no\u0161au\u0161anu Brunavas pagast\u0101"},"content":{"rendered":"<p>K\u0101 zi\u0146o Latvijas Telev\u012bzijas (LTV) Zi\u0146u dienests, incidenta iemesls bija tas, ka tr\u012bs <a href=\"https:\/\/www.tvnet.lv\/term\/555532\/suni\" class=\"topicLink\" target=\"_blank\" rel=\"nofollow noopener\">su\u0146i<\/a> \u2013 \u010detrus gadus, devi\u0146us m\u0113ne\u0161us un \u010detrus m\u0113ne\u0161us veci \u2013 bija iekl\u012bdu\u0161i priv\u0101t\u0101 saimniec\u012bb\u0101 un plos\u012bju\u0161i stirnu. M\u0101jas \u012bpa\u0161niece nesp\u0113ja dz\u012bvniekiem pietuvoties, jo tie k\u013cuva nekontrol\u0113jami un apdraud\u0113ja vi\u0146as dro\u0161\u012bbu, t\u0101p\u0113c vi\u0146a sazin\u0101j\u0101s ar mednieku un izsauca pa\u0161vald\u012bbas policiju.<\/p>\n<p>Bauskas novada Pa\u0161vald\u012bbas policijas priek\u0161nieks Eg\u012bls Gailis skaidro, ka notikuma viet\u0101 dz\u012bvnieki med\u012bjuma vai citu apst\u0101k\u013cu d\u0113\u013c bija k\u013cuvu\u0161i nekontrol\u0113ti un p\u0101rv\u0113rtu\u0161ies par &#8220;kaujas ieroci&#8221;.<\/p>\n<p>&#8221;Kaut k\u0101d\u0101 mirkl\u012b, es pat \u012bsti nepateik\u0161u, kur\u0101, tika pie\u0146emts l\u0113mums vi\u0146us neitraliz\u0113t,&#8221; nor\u0101d\u012bja policijas priek\u0161nieks.<\/p>\n<p>Policijas priek\u0161nieks gan uzsv\u0113ra, ka l\u0113mumu nogalin\u0101t vai nenogalin\u0101t dz\u012bvniekus nepie\u0146\u0113ma pa\u0161vald\u012bbas policija, jo mednieki vi\u0146iem nav pak\u013cauti. Pa\u0161vald\u012bbas policija ierosin\u0101ja divus administrat\u012bv\u0101 p\u0101rk\u0101puma procesus par dz\u012bvnieku klai\u0146o\u0161anu bez uzraudz\u012bbas un par kait\u0113juma nodar\u012b\u0161anu citam dz\u012bvniekam.<\/p>\n<p>Su\u0146u saimnieks <a href=\"https:\/\/www.tvnet.lv\/term\/805541\/modris-konovalovs\" class=\"topicLink\" target=\"_blank\" rel=\"nofollow noopener\">Modris Konovalovs<\/a> sav\u0101 soci\u0101lo mediju profil\u0101 atzina, ka su\u0146i bija aizkl\u012bdu\u0161i, ta\u010du uzskata, ka tas nav bijis pamats vi\u0146u no\u0161au\u0161anai. Vi\u0146apr\u0101t, vajadz\u0113ja izsaukt su\u0146u \u0137\u0113r\u0101jus un identific\u0113t dz\u012bvniekus ar \u010dipu pal\u012bdz\u012bbu.<\/p>\n","protected":false},"excerpt":{"rendered":"K\u0101 zi\u0146o Latvijas Telev\u012bzijas (LTV) Zi\u0146u dienests, incidenta iemesls bija tas, ka tr\u012bs su\u0146i \u2013 \u010detrus gadus, devi\u0146us&hellip;\n","protected":false},"author":2,"featured_media":18655,"comment_status":"","ping_status":"","sticky":false,"template":"","format":"standard","meta":{"footnotes":""},"categories":[5],"tags":[23,28,29,32,33,22,30,31,35,39,38,36,37,34,40,6072,20,6073,26,27,5942,24,25,21],"class_list":{"0":"post-18654","1":"post","2":"type-post","3":"status-publish","4":"format-standard","5":"has-post-thumbnail","7":"category-aktualitates","8":"tag-aktualitates","9":"tag-breaking-news","10":"tag-breakingnews","11":"tag-featured-news","12":"tag-featurednews","13":"tag-headlines","14":"tag-latest-news","15":"tag-latestnews","16":"tag-latvia","17":"tag-latvian","18":"tag-latviesu","19":"tag-latviesu-valoda","20":"tag-latviesuvaloda","21":"tag-latvija","22":"tag-lv","23":"tag-modris-konovalovs","24":"tag-news","25":"tag-nosausana","26":"tag-popularakas-zinas","27":"tag-popularakaszinas","28":"tag-suni","29":"tag-top-stories","30":"tag-topstories","31":"tag-zinas"},"share_on_mastodon":{"url":"","error":""},"_links":{"self":[{"href":"https:\/\/www.europesays.com\/lv\/wp-json\/wp\/v2\/posts\/18654","targetHints":{"allow":["GET"]}}],"collection":[{"href":"https:\/\/www.europesays.com\/lv\/wp-json\/wp\/v2\/posts"}],"about":[{"href":"https:\/\/www.europesays.com\/lv\/wp-json\/wp\/v2\/types\/post"}],"author":[{"embeddable":true,"href":"https:\/\/www.europesays.com\/lv\/wp-json\/wp\/v2\/users\/2"}],"replies":[{"embeddable":true,"href":"https:\/\/www.europesays.com\/lv\/wp-json\/wp\/v2\/comments?post=18654"}],"version-history":[{"count":0,"href":"https:\/\/www.europesays.com\/lv\/wp-json\/wp\/v2\/posts\/18654\/revisions"}],"wp:featuredmedia":[{"embeddable":true,"href":"https:\/\/www.europesays.com\/lv\/wp-json\/wp\/v2\/media\/18655"}],"wp:attachment":[{"href":"https:\/\/www.europesays.com\/lv\/wp-json\/wp\/v2\/media?parent=18654"}],"wp:term":[{"taxonomy":"category","embeddable":true,"href":"https:\/\/www.europesays.com\/lv\/wp-json\/wp\/v2\/categories?post=18654"},{"taxonomy":"post_tag","embeddable":true,"href":"https:\/\/www.europesays.com\/lv\/wp-json\/wp\/v2\/tags?post=18654"}],"curies":[{"name":"wp","href":"https:\/\/api.w.org\/{rel}","templated":true}]}}