{"id":18666,"date":"2025-10-11T22:02:07","date_gmt":"2025-10-11T22:02:07","guid":{"rendered":"https:\/\/www.europesays.com\/lv\/18666\/"},"modified":"2025-10-11T22:02:07","modified_gmt":"2025-10-11T22:02:07","slug":"cehija-partrauc-finansejumu-ierocu-piegadem-ukrainai-lente-lv","status":"publish","type":"post","link":"https:\/\/www.europesays.com\/lv\/18666\/","title":{"rendered":"\u010cehija p\u0101rtrauc finans\u0113jumu iero\u010du pieg\u0101d\u0113m Ukrainai\u00a0\u2014\u00a0Lente.lv"},"content":{"rendered":"<p>Andrejs Babi\u0161s maina kursu attiec\u012bb\u0101 uz pal\u012bdz\u012bbu Ukrainai<\/p>\n<p>Andrejs Babi\u0161s, nesenais \u010cehijas parlamenta v\u0113l\u0113\u0161anu uzvar\u0113t\u0101js un potenci\u0101lais n\u0101kamais premjerministrs, ir publiski apstiprin\u0101jis savu nodomu p\u0101rtraukt finans\u0113juma pie\u0161\u0137ir\u0161anu iero\u010du pieg\u0101d\u0113m Ukrainai. \u0160is l\u0113mums, kas tika pazi\u0146ots \u0161oned\u0113\u013c, signaliz\u0113 par iev\u0113rojam\u0101m izmai\u0146\u0101m \u010cehijas \u0101rpolitikas trajektorij\u0101 attiec\u012bb\u0101 uz atbalstu Kijivai kara laik\u0101.<\/p>\n<p>Politisk\u0101 ainava un v\u0113l\u0113\u0161anu rezult\u0101ti<\/p>\n<p>Babi\u0161a vad\u012bt\u0101 partija ANO (Neapmierin\u0101to pilso\u0146u akcija) guva uzvaru nesenaj\u0101s \u010cehijas parlamenta v\u0113l\u0113\u0161an\u0101s, ieg\u016bstot iev\u0113rojamu v\u0113l\u0113t\u0101ju atbalstu. Lai gan vi\u0146a partija nebija ieguvusi absol\u016bto vair\u0101kumu parlament\u0101, kas noz\u012bm\u0113 nepiecie\u0161am\u012bbu veidot maz\u0101kuma vald\u012bbu un mekl\u0113t koal\u012bcijas partnerus, Babi\u0161a uzvara ir izrais\u012bjusi pla\u0161as diskusijas par valsts turpm\u0101ko politisko virzienu gan iek\u0161zem\u0113, gan starptautiski. Biju\u0161ais premjerministrs, kur\u0161 vad\u012bja \u010cehiju no 2017. l\u012bdz 2021. gadam, ir sp\u0113jis uzrun\u0101t neapmierin\u0101tos v\u0113l\u0113t\u0101jus, solot vi\u0146iem konkr\u0113tus labumus un kritiz\u0113jot pa\u0161reiz\u0113j\u0101s vald\u012bbas politiku.<\/p>\n<p>Jaun\u0101 nost\u0101ja pret iero\u010du pieg\u0101d\u0113m<\/p>\n<p>Babi\u0161a publiskais pazi\u0146ojums par finans\u0113juma p\u0101rtrauk\u0161anu iero\u010du pieg\u0101d\u0113m Ukrainai ir rad\u012bjis zin\u0101mu satraukumu Eiropas Savien\u012bbas un NATO aprind\u0101s. \u010cehija iepriek\u0161 bija starp akt\u012bv\u0101kaj\u0101m Ukrainas atbalst\u012bt\u0101j\u0101m, uzs\u0101kot iniciat\u012bvu mun\u012bcijas iepirk\u0161anai vis\u0101 pasaul\u0113, lai to nos\u016bt\u012btu Kijivai. Babi\u0161s ir aicin\u0101jis NATO p\u0101r\u0146emt \u010cehijas iniciat\u012bvu mun\u012bcijas pieg\u0101d\u0113s, kas iepirkta tre\u0161aj\u0101s valst\u012bs. Vi\u0146a nost\u0101ja tiek v\u0113rt\u0113ta k\u0101 potenci\u0101ls impulss citu eiroskeptisku un pret imigr\u0101ciju v\u0113rstu sp\u0113ku att\u012bst\u012bbai Eirop\u0101. Tom\u0113r politikas anal\u012bti\u0137i nor\u0101da, ka Babi\u0161a nost\u0101ja var\u0113tu neb\u016bt tik radik\u0101li pret ES v\u0113rsta k\u0101, piem\u0113ram, Ung\u0101rijas premjera Viktora Orb\u0101na politika, ta\u010du vi\u0146\u0161 var\u0113tu k\u013c\u016bt par jaunu galvass\u0101pju avotu Eiropas Savien\u012bbai, ja spiediens no pret ES noska\u0146otajiem ekstr\u0113mistiem pieaugs.<\/p>\n<p>Izaicin\u0101jumi vald\u012bbas veido\u0161an\u0101 un starptautisk\u0101s attiec\u012bbas<\/p>\n<p>Lai gan Babi\u0161a partija ANO ir uzvar\u0113jusi v\u0113l\u0113\u0161an\u0101s, vi\u0146am b\u016bs j\u0101p\u0101rvar iev\u0113rojami \u0161\u0137\u0113r\u0161\u013ci, veidojot vald\u012bbu. Visas liel\u0101k\u0101s partijas ir paudu\u0161as nev\u0113l\u0113\u0161anos sadarboties ar Babi\u0161u, kas var\u0113tu ievilkt vald\u012bbas veido\u0161anas procesu vair\u0101ku m\u0113ne\u0161u garum\u0101. Babi\u0161s ir izteicis nodomu veidot maz\u0101kuma vald\u012bbu, cerot uz atbalstu no cit\u0101m gal\u0113ji lab\u0113j\u0101m partij\u0101m. \u0160\u012b situ\u0101cija rada neskaidr\u012bbu par turpm\u0101ko \u010cehijas politisko kursu, \u012bpa\u0161i attiec\u012bb\u0101 uz attiec\u012bb\u0101m ar Eiropas Savien\u012bbu un NATO. Tiek prognoz\u0113ts, ka, ja Babi\u0161am neizdosies izveidot vald\u012bbu, var\u0113tu notikt \u0101rk\u0101rtas v\u0113l\u0113\u0161anas. Turpm\u0101k\u0101s diskusijas par koal\u012bcijas partneru nost\u0101ju jaut\u0101jumos, kas skar ES noteikumus un NATO l\u012bgumus, b\u016bs b\u016btiskas, lai nodro\u0161in\u0101tu valsts instit\u016bciju uzticam\u012bbu un stabilit\u0101ti.<\/p>\n<p>Neprognoz\u0113jam\u0101 n\u0101kotne<\/p>\n<p>Andreja Babi\u0161a l\u0113mums main\u012bt nost\u0101ju attiec\u012bb\u0101 uz iero\u010du pieg\u0101d\u0113m Ukrainai ir noz\u012bm\u012bgs pagrieziena punkts \u010cehijas \u0101rpolitik\u0101. Tas pau\u017e ne tikai individu\u0101lu politisko izv\u0113li, bet ar\u012b atspogu\u013co pla\u0161\u0101kas tendences un izaicin\u0101jumus, ar kuriem saskaras Eiropa. Valsts politisk\u0101s n\u0101kotnes izn\u0101kums un t\u0101s starptautisk\u0101s saist\u012bbas paliek neskaidras, radot nepaciet\u012bgu gaid\u012b\u0161anu gan sabiedr\u012bbai, gan starptautiskajiem partneriem.<\/p>\n","protected":false},"excerpt":{"rendered":"Andrejs Babi\u0161s maina kursu attiec\u012bb\u0101 uz pal\u012bdz\u012bbu Ukrainai Andrejs Babi\u0161s, nesenais \u010cehijas parlamenta v\u0113l\u0113\u0161anu uzvar\u0113t\u0101js un potenci\u0101lais n\u0101kamais&hellip;\n","protected":false},"author":2,"featured_media":18667,"comment_status":"","ping_status":"","sticky":false,"template":"","format":"standard","meta":{"footnotes":""},"categories":[5],"tags":[23,4716,6078,28,29,2561,514,32,33,22,3326,30,31,35,39,38,36,37,34,40,20,26,27,24,25,21],"class_list":{"0":"post-18666","1":"post","2":"type-post","3":"status-publish","4":"format-standard","5":"has-post-thumbnail","7":"category-aktualitates","8":"tag-aktualitates","9":"tag-andrejs-babiss","10":"tag-ano-velesanas","11":"tag-breaking-news","12":"tag-breakingnews","13":"tag-cehija","14":"tag-eiropas-savieniba","15":"tag-featured-news","16":"tag-featurednews","17":"tag-headlines","18":"tag-ierocu-piegades-ukrainai","19":"tag-latest-news","20":"tag-latestnews","21":"tag-latvia","22":"tag-latvian","23":"tag-latviesu","24":"tag-latviesu-valoda","25":"tag-latviesuvaloda","26":"tag-latvija","27":"tag-lv","28":"tag-news","29":"tag-popularakas-zinas","30":"tag-popularakaszinas","31":"tag-top-stories","32":"tag-topstories","33":"tag-zinas"},"share_on_mastodon":{"url":"","error":""},"_links":{"self":[{"href":"https:\/\/www.europesays.com\/lv\/wp-json\/wp\/v2\/posts\/18666","targetHints":{"allow":["GET"]}}],"collection":[{"href":"https:\/\/www.europesays.com\/lv\/wp-json\/wp\/v2\/posts"}],"about":[{"href":"https:\/\/www.europesays.com\/lv\/wp-json\/wp\/v2\/types\/post"}],"author":[{"embeddable":true,"href":"https:\/\/www.europesays.com\/lv\/wp-json\/wp\/v2\/users\/2"}],"replies":[{"embeddable":true,"href":"https:\/\/www.europesays.com\/lv\/wp-json\/wp\/v2\/comments?post=18666"}],"version-history":[{"count":0,"href":"https:\/\/www.europesays.com\/lv\/wp-json\/wp\/v2\/posts\/18666\/revisions"}],"wp:featuredmedia":[{"embeddable":true,"href":"https:\/\/www.europesays.com\/lv\/wp-json\/wp\/v2\/media\/18667"}],"wp:attachment":[{"href":"https:\/\/www.europesays.com\/lv\/wp-json\/wp\/v2\/media?parent=18666"}],"wp:term":[{"taxonomy":"category","embeddable":true,"href":"https:\/\/www.europesays.com\/lv\/wp-json\/wp\/v2\/categories?post=18666"},{"taxonomy":"post_tag","embeddable":true,"href":"https:\/\/www.europesays.com\/lv\/wp-json\/wp\/v2\/tags?post=18666"}],"curies":[{"name":"wp","href":"https:\/\/api.w.org\/{rel}","templated":true}]}}