{"id":18687,"date":"2025-10-11T23:48:06","date_gmt":"2025-10-11T23:48:06","guid":{"rendered":"https:\/\/www.europesays.com\/lv\/18687\/"},"modified":"2025-10-11T23:48:06","modified_gmt":"2025-10-11T23:48:06","slug":"17-gadu-vecuma-debite-madrides-real-sastava-lente-lv","status":"publish","type":"post","link":"https:\/\/www.europesays.com\/lv\/18687\/","title":{"rendered":"17 gadu vecum\u0101 debit\u0113 Madrides &#8220;Real&#8221; sast\u0101v\u0101\u00a0\u2014\u00a0Lente.lv"},"content":{"rendered":"<p>Jauns rekords: 17 gadus vecais Gun\u0101rs Gr\u012bnvalds k\u013c\u016bst par jaun\u0101ko latvieti Eirol\u012bgas v\u0113stur\u0113<\/p>\n<p>Sp\u0101nijas granda Madrides &#8220;Real&#8221; rind\u0101s basketbola v\u0113stur\u0113 ierakst\u012bju\u0161ies k\u0101da latvie\u0161u talanta v\u0101rds. ULEB Eirol\u012bgas tre\u0161aj\u0101 sp\u0113\u013cu k\u0101rt\u0101 sp\u0113les laukum\u0101 dev\u0101s 17 gadus vecais uzbruc\u0113js Gun\u0101rs Gr\u012bnvalds, kur\u0161 k\u013cuva par visu laiku jaun\u0101ko latvieti, kur\u0161 debit\u0113jis \u0161aj\u0101 presti\u017eaj\u0101 turn\u012br\u0101. \u0160is notikums ne tikai izce\u013c Gun\u0101ra Gr\u012bnvalda individu\u0101lo sasniegumu, bet ar\u012b simboliz\u0113 jaunu \u0113ru Latvijas basketbola att\u012bst\u012bb\u0101.<\/p>\n<p>Debija v\u0113sturisk\u0101 sp\u0113l\u0113<\/p>\n<p>Gr\u012bnvalda debija notika sp\u0113l\u0113, kur\u0101 Madrides &#8220;Real&#8221; sav\u0101 laukum\u0101 ar p\u0101rliecino\u0161u rezult\u0101tu 85:72 p\u0101rsp\u0113ja Vilerb\u0101nas ASVEL. Jaunais basketbolists laukum\u0101 dev\u0101s vien p\u0113d\u0113j\u0101 sp\u0113les min\u016bt\u0113, nosp\u0113l\u0113jot 48 sekundes. Lai gan laiks laukum\u0101 bija \u012bss, tas bija pietiekams, lai ieietu basketbola v\u0113stures gr\u0101mat\u0101s. Pirms Gr\u012bnvalda nevienam citam Latvijas basketbolistam nebija izdevies piedal\u012bties Eirol\u012bgas sp\u0113l\u0113, v\u0113l nesasniedzot 18 gadu vecumu. Iepriek\u0161\u0113jie jaunie talanti, piem\u0113ram, D\u0101vis Bert\u0101ns, Rodions Kurucs un Art\u016brs Kurucs, savas Eirol\u012bgas debijas veiku\u0161i jau b\u016bdami pilngad\u012bgi.<\/p>\n<p>Ce\u013c\u0161 uz &#8220;Real&#8221; un akad\u0113mijas izaugsme<\/p>\n<p>Gun\u0101rs Gr\u012bnvalds, kur\u0161 ir 200 centimetrus gar\u0161 uzbruc\u0113js, pie vietas pieteikum\u0101 tika p\u0113d\u0113j\u0101 br\u012b\u017ea apst\u0101k\u013cu d\u0113\u013c. Sakar\u0101 ar savainojumiem komandas sast\u0101v\u0101 nevar\u0113ja iek\u013c\u016bt vair\u0101ki sp\u0113l\u0113t\u0101ji, tostarp sp\u0101\u0146u basketbolists Alberto Abalde, k\u0101 ar\u012b Teo Maledons, Usmans Garuba un Gabriele Pro\u010dida. Gr\u012bnvalds uz Madrides &#8220;Real&#8221; akad\u0113miju p\u0101rc\u0113l\u0101s 2021. gada oktobr\u012b un \u0101tri vien sevi pieteica k\u0101 vienu no talant\u012bg\u0101kajiem audz\u0113k\u0146iem. Vi\u0146a sniegums akad\u0113mij\u0101 ir bijis tik iespaid\u012bgs, ka vi\u0146am tika dota iesp\u0113ja tren\u0113ties un doties laukum\u0101 ar\u012b pie pieaugu\u0161ajiem.<\/p>\n<p>Sp\u0101\u0146u l\u012bg\u0101 un skatiens n\u0101kotn\u0113<\/p>\n<p>\u0160\u012b nav vien\u012bg\u0101 debija Gr\u012bnvalda &#8220;karjer\u0101&#8221; \u0161aj\u0101 sezon\u0101. Iepriek\u0161\u0113j\u0101 ned\u0113\u013cas nogal\u0113 vi\u0146\u0161 debit\u0113ja ar\u012b Sp\u0101nijas ACB l\u012bg\u0101, pal\u012bdzot Madrides &#8220;Real&#8221; ar 81:71 uzvar\u0113t &#8220;Gran Canaria&#8221;. \u0160aj\u0101 sp\u0113l\u0113 Gr\u012bnvalds laukum\u0101 pavad\u012bja min\u016bti un se\u0161as sekundes, g\u016bstot vienu punktu. Interesanti, ka Gr\u012bnvalds &#8220;Real&#8221; krekl\u0101 k\u013cuva par otro latvieti v\u0113stur\u0113, kur\u0161 to dar\u012bjis, pirmais esot Kaspars Kambala 2003.\/2004. gada sezon\u0101. Tuv\u0101kaj\u0101 n\u0101kotn\u0113 Gr\u012bnvaldu un vi\u0146a komandu gaida v\u0113l viens aizraujo\u0161s izaicin\u0101jums \u2013 iesp\u0113ja tikties laukum\u0101 ar citu talant\u012bgu latvie\u0161u basketbolistu Rodionu Kurucu, kura p\u0101rst\u0101v\u0113t\u0101 Vitorijas &#8220;Baskonia&#8221; sp\u0113l\u0113s pret Madrides &#8220;Real&#8221; ACB l\u012bg\u0101.<\/p>\n<p>Rekordi un sal\u012bdzin\u0101jumi<\/p>\n<p>Gr\u012bnvalda sasniegums ir \u012bpa\u0161s, jo vi\u0146\u0161 ir pirmais latvietis, kas sp\u0113l\u0113jis ULEB Eirol\u012bg\u0101 pirms 18 gadu vecuma. Tas ir iev\u0113rojams atskaites punkts, sal\u012bdzinot ar citiem jaun\u0101kajiem sp\u0113l\u0113t\u0101jiem Eirol\u012bgas v\u0113stur\u0113. Sarakstos ar jaun\u0101kajiem sp\u0113l\u0113t\u0101jiem min\u0113ti t\u0101di basketbolisti k\u0101 Fjodors \u017dugi\u010ds (15 gadi, 157 dienas), Sr\u0111ans \u017divkovi\u010ds (15 gadi, 202 dienas), Aleksandrs Ugrinoskis (15 gadi, 266 dienas) un Neoklis Avdals (15 gadi, 309 dienas). Lai gan Gr\u012bnvalds nav starp absol\u016bti jaun\u0101kajiem debitantiem vis\u0101 Eirol\u012bgas v\u0113stur\u0113, vi\u0146a rekords k\u0101 jaun\u0101kajam latvietim ir iev\u0113rojams un iedvesmojo\u0161s.<\/p>\n<p>Madrides &#8220;Real&#8221; komandas sniegums<\/p>\n<p>Sp\u0113l\u0113 pret Vilerb\u0101nas ASVEL Madrides &#8220;Real&#8221; uzvaru kaldin\u0101ja amerik\u0101\u0146u uzbruc\u0113js \u010cuma Okeke ar 17 punktiem un piec\u0101m atl\u0113ku\u0161aj\u0101m bumb\u0101m. Vi\u0146am piebalsoja kan\u0101die\u0161u uzbruc\u0113js Trejs Lailzs ar 12 punktiem un se\u0161\u0101m rezultat\u012bv\u0101m piesp\u0113l\u0113m, k\u0101 ar\u012b Mario Hezo\u0146a, kur\u0161 guva 11 punktus. Komandas galvenais treneris Serd\u017eo Skariolo ir paz\u012bstams basketbola speci\u0101lists, kura vad\u012bb\u0101 &#8220;Real&#8221; demonstr\u0113 sp\u0113c\u012bgu sniegumu gan nacion\u0101laj\u0101 \u010dempion\u0101t\u0101, gan Eirol\u012bg\u0101.<\/p>\n<p>Latvijas basketbola n\u0101kotne<\/p>\n<p>Gun\u0101ra Gr\u012bnvalda debija Eirol\u012bg\u0101 ir ne tikai vi\u0146a person\u012bgais pan\u0101kums, bet ar\u012b spo\u017es sign\u0101ls Latvijas basketbola n\u0101kotnei. Tas par\u0101da, ka ar neatlaid\u012bgu darbu, talantu un pareizu pieeju ir iesp\u0113jams sasniegt pat vissare\u017e\u0123\u012bt\u0101kos m\u0113r\u0137us. Gr\u012bnvalda piem\u0113rs iedvesmos daudzus jaunus Latvijas basketbolistus tiekties uz augst\u0101ko l\u012bgu un nebaid\u012bties no izaicin\u0101jumiem. Gaid\u0101ms, ka jaunais talants turpin\u0101s att\u012bst\u012bties un k\u013c\u016bs par noz\u012bm\u012bgu sp\u0113l\u0113t\u0101ju gan &#8220;Real&#8221; komand\u0101, gan Latvijas basketbola izlas\u0113.<\/p>\n","protected":false},"excerpt":{"rendered":"Jauns rekords: 17 gadus vecais Gun\u0101rs Gr\u012bnvalds k\u013c\u016bst par jaun\u0101ko latvieti Eirol\u012bgas v\u0113stur\u0113 Sp\u0101nijas granda Madrides &#8220;Real&#8221; rind\u0101s&hellip;\n","protected":false},"author":2,"featured_media":18688,"comment_status":"","ping_status":"","sticky":false,"template":"","format":"standard","meta":{"footnotes":""},"categories":[17],"tags":[5013,5599,6094,35,39,38,36,37,34,6093,40,3630,67],"class_list":{"0":"post-18687","1":"post","2":"type-post","3":"status-publish","4":"format-standard","5":"has-post-thumbnail","7":"category-sports","8":"tag-eiroliga","9":"tag-gunars-grinvalds","10":"tag-jaunakais-speletajs","11":"tag-latvia","12":"tag-latvian","13":"tag-latviesu","14":"tag-latviesu-valoda","15":"tag-latviesuvaloda","16":"tag-latvija","17":"tag-latvijas-basketbolists","18":"tag-lv","19":"tag-madrides-real","20":"tag-sports"},"share_on_mastodon":{"url":"","error":""},"_links":{"self":[{"href":"https:\/\/www.europesays.com\/lv\/wp-json\/wp\/v2\/posts\/18687","targetHints":{"allow":["GET"]}}],"collection":[{"href":"https:\/\/www.europesays.com\/lv\/wp-json\/wp\/v2\/posts"}],"about":[{"href":"https:\/\/www.europesays.com\/lv\/wp-json\/wp\/v2\/types\/post"}],"author":[{"embeddable":true,"href":"https:\/\/www.europesays.com\/lv\/wp-json\/wp\/v2\/users\/2"}],"replies":[{"embeddable":true,"href":"https:\/\/www.europesays.com\/lv\/wp-json\/wp\/v2\/comments?post=18687"}],"version-history":[{"count":0,"href":"https:\/\/www.europesays.com\/lv\/wp-json\/wp\/v2\/posts\/18687\/revisions"}],"wp:featuredmedia":[{"embeddable":true,"href":"https:\/\/www.europesays.com\/lv\/wp-json\/wp\/v2\/media\/18688"}],"wp:attachment":[{"href":"https:\/\/www.europesays.com\/lv\/wp-json\/wp\/v2\/media?parent=18687"}],"wp:term":[{"taxonomy":"category","embeddable":true,"href":"https:\/\/www.europesays.com\/lv\/wp-json\/wp\/v2\/categories?post=18687"},{"taxonomy":"post_tag","embeddable":true,"href":"https:\/\/www.europesays.com\/lv\/wp-json\/wp\/v2\/tags?post=18687"}],"curies":[{"name":"wp","href":"https:\/\/api.w.org\/{rel}","templated":true}]}}