{"id":18714,"date":"2025-10-12T01:26:08","date_gmt":"2025-10-12T01:26:08","guid":{"rendered":"https:\/\/www.europesays.com\/lv\/18714\/"},"modified":"2025-10-12T01:26:08","modified_gmt":"2025-10-12T01:26:08","slug":"tirgus-laukuma-vacija-izcelusies-sausana-zinots-par-vairakiem-ievainotajiem","status":"publish","type":"post","link":"https:\/\/www.europesays.com\/lv\/18714\/","title":{"rendered":"Tirgus laukum\u0101 V\u0101cij\u0101 izc\u0113lusies \u0161au\u0161ana; zi\u0146ots par vair\u0101kiem ievainotajiem"},"content":{"rendered":"<p>P\u0113c incidenta neilgi p\u0113c plkst. 15. vain\u012bg\u0101 persona aizb\u0113gusi un joproj\u0101m atrodas br\u012bv\u012bb\u0101.<\/p>\n<p>Tiek zi\u0146ots, ka incidents noticis sporta totalizatoru biroj\u0101.<\/p>\n<p>Tiek uzskat\u012bts, ka sabiedr\u012bbai briesmas nedraud, sac\u012bja policijas p\u0101rst\u0101vis.<\/p>\n<p>Inform\u0101cija par cietu\u0161o ievainojumu smagumu netiek sniega un s\u012bk\u0101ka inform\u0101cija netiek izpausta, jo oper\u0101cija turpin\u0101s.<\/p>\n","protected":false},"excerpt":{"rendered":"P\u0113c incidenta neilgi p\u0113c plkst. 15. vain\u012bg\u0101 persona aizb\u0113gusi un joproj\u0101m atrodas br\u012bv\u012bb\u0101. Tiek zi\u0146ots, ka incidents noticis&hellip;\n","protected":false},"author":2,"featured_media":18715,"comment_status":"","ping_status":"","sticky":false,"template":"","format":"standard","meta":{"footnotes":""},"categories":[14],"tags":[23,57,28,29,32,33,22,30,31,35,39,38,36,37,34,40,20,26,27,315,24,25,299,54,55,56,21,58],"class_list":{"0":"post-18714","1":"post","2":"type-post","3":"status-publish","4":"format-standard","5":"has-post-thumbnail","7":"category-zinas-no-arvalstim","8":"tag-aktualitates","9":"tag-arvalstim","10":"tag-breaking-news","11":"tag-breakingnews","12":"tag-featured-news","13":"tag-featurednews","14":"tag-headlines","15":"tag-latest-news","16":"tag-latestnews","17":"tag-latvia","18":"tag-latvian","19":"tag-latviesu","20":"tag-latviesu-valoda","21":"tag-latviesuvaloda","22":"tag-latvija","23":"tag-lv","24":"tag-news","25":"tag-popularakas-zinas","26":"tag-popularakaszinas","27":"tag-sausana","28":"tag-top-stories","29":"tag-topstories","30":"tag-vacija","31":"tag-world","32":"tag-world-news","33":"tag-worldnews","34":"tag-zinas","35":"tag-zinas-no-arvalstim"},"share_on_mastodon":{"url":"","error":""},"_links":{"self":[{"href":"https:\/\/www.europesays.com\/lv\/wp-json\/wp\/v2\/posts\/18714","targetHints":{"allow":["GET"]}}],"collection":[{"href":"https:\/\/www.europesays.com\/lv\/wp-json\/wp\/v2\/posts"}],"about":[{"href":"https:\/\/www.europesays.com\/lv\/wp-json\/wp\/v2\/types\/post"}],"author":[{"embeddable":true,"href":"https:\/\/www.europesays.com\/lv\/wp-json\/wp\/v2\/users\/2"}],"replies":[{"embeddable":true,"href":"https:\/\/www.europesays.com\/lv\/wp-json\/wp\/v2\/comments?post=18714"}],"version-history":[{"count":0,"href":"https:\/\/www.europesays.com\/lv\/wp-json\/wp\/v2\/posts\/18714\/revisions"}],"wp:featuredmedia":[{"embeddable":true,"href":"https:\/\/www.europesays.com\/lv\/wp-json\/wp\/v2\/media\/18715"}],"wp:attachment":[{"href":"https:\/\/www.europesays.com\/lv\/wp-json\/wp\/v2\/media?parent=18714"}],"wp:term":[{"taxonomy":"category","embeddable":true,"href":"https:\/\/www.europesays.com\/lv\/wp-json\/wp\/v2\/categories?post=18714"},{"taxonomy":"post_tag","embeddable":true,"href":"https:\/\/www.europesays.com\/lv\/wp-json\/wp\/v2\/tags?post=18714"}],"curies":[{"name":"wp","href":"https:\/\/api.w.org\/{rel}","templated":true}]}}