{"id":187224,"date":"2026-04-24T21:22:07","date_gmt":"2026-04-24T21:22:07","guid":{"rendered":"https:\/\/www.europesays.com\/lv\/187224\/"},"modified":"2026-04-24T21:22:07","modified_gmt":"2026-04-24T21:22:07","slug":"nogaja-no-takas-nokartoties-sieviete-apmaldas-meza-un-pec-26-dienam-mirst-kilometra-attaluma-no-glabina","status":"publish","type":"post","link":"https:\/\/www.europesays.com\/lv\/187224\/","title":{"rendered":"Nog\u0101ja no takas nok\u0101rtoties. Sieviete apmald\u0101s me\u017e\u0101 un p\u0113c 26 dien\u0101m mirst kilometra att\u0101lum\u0101 no gl\u0101bi\u0146a"},"content":{"rendered":"<p>Doties p\u0101rg\u0101jien\u0101 kalnain\u0101 me\u017ea biezokn\u012b, vien uz mirkli noiet no takas, lai atvieglotos, nomald\u012bties un 26 diennaktis gaid\u012bt, kad k\u0101ds beidzot tevi izgl\u0101bs. Diem\u017e\u0113l nesagaid\u012bt&#8230; Tie\u0161i tas notika ar 66 gadus vecu amerik\u0101nieti, kuras v\u0113l\u0101k atrast\u0101 dienasgr\u0101mata liecina, ka vi\u0146a cent\u0101s dar\u012bt visu, ko prata, lai izgl\u0101btos, tom\u0113r beig\u0101s pie\u0146\u0113ma savu likteni un mira koku ieskaut\u0101 vientul\u012bb\u0101 \u2013 teju rokas stiepiena att\u0101lum\u0101 no civiliz\u0101cijas.<\/p>\n","protected":false},"excerpt":{"rendered":"Doties p\u0101rg\u0101jien\u0101 kalnain\u0101 me\u017ea biezokn\u012b, vien uz mirkli noiet no takas, lai atvieglotos, nomald\u012bties un 26 diennaktis gaid\u012bt,&hellip;\n","protected":false},"author":2,"featured_media":187225,"comment_status":"","ping_status":"","sticky":false,"template":"","format":"standard","meta":{"footnotes":"","_share_on_mastodon":"0"},"categories":[19],"tags":[292,5218,89,90,35,39,38,36,37,34,40,15059,23773,297,293],"class_list":["post-187224","post","type-post","status-publish","format-standard","has-post-thumbnail","category-izklaide","tag-asv","tag-bezvests-pazudusais","tag-entertainment","tag-izklaide","tag-latvia","tag-latvian","tag-latviesu","tag-latviesu-valoda","tag-latviesuvaloda","tag-latvija","tag-lv","tag-pargajiens","tag-pazudusie","tag-tvnet-planeta","tag-vesture"],"share_on_mastodon":{"url":"https:\/\/pubeurope.com\/@lv\/116461787237094678","error":""},"_links":{"self":[{"href":"https:\/\/www.europesays.com\/lv\/wp-json\/wp\/v2\/posts\/187224","targetHints":{"allow":["GET"]}}],"collection":[{"href":"https:\/\/www.europesays.com\/lv\/wp-json\/wp\/v2\/posts"}],"about":[{"href":"https:\/\/www.europesays.com\/lv\/wp-json\/wp\/v2\/types\/post"}],"author":[{"embeddable":true,"href":"https:\/\/www.europesays.com\/lv\/wp-json\/wp\/v2\/users\/2"}],"replies":[{"embeddable":true,"href":"https:\/\/www.europesays.com\/lv\/wp-json\/wp\/v2\/comments?post=187224"}],"version-history":[{"count":0,"href":"https:\/\/www.europesays.com\/lv\/wp-json\/wp\/v2\/posts\/187224\/revisions"}],"wp:featuredmedia":[{"embeddable":true,"href":"https:\/\/www.europesays.com\/lv\/wp-json\/wp\/v2\/media\/187225"}],"wp:attachment":[{"href":"https:\/\/www.europesays.com\/lv\/wp-json\/wp\/v2\/media?parent=187224"}],"wp:term":[{"taxonomy":"category","embeddable":true,"href":"https:\/\/www.europesays.com\/lv\/wp-json\/wp\/v2\/categories?post=187224"},{"taxonomy":"post_tag","embeddable":true,"href":"https:\/\/www.europesays.com\/lv\/wp-json\/wp\/v2\/tags?post=187224"}],"curies":[{"name":"wp","href":"https:\/\/api.w.org\/{rel}","templated":true}]}}