{"id":18730,"date":"2025-10-12T01:51:11","date_gmt":"2025-10-12T01:51:11","guid":{"rendered":"https:\/\/www.europesays.com\/lv\/18730\/"},"modified":"2025-10-12T01:51:11","modified_gmt":"2025-10-12T01:51:11","slug":"ukrainas-kara-skarbums-fotografu-objektivos-oktobra-skati-2025-gada-lente-lv","status":"publish","type":"post","link":"https:\/\/www.europesays.com\/lv\/18730\/","title":{"rendered":"Ukrainas kara skarbums fotogr\u0101fu objekt\u012bvos: Oktobra skati 2025. gad\u0101\u00a0\u2014\u00a0Lente.lv"},"content":{"rendered":"<p>Ukrainas kara s\u0101pju atspulgs fotogr\u0101fu objekt\u012bvos \u2013 2025. gada oktobra skat\u012bjums<\/p>\n<p>Kara dr\u0101ma Ukrain\u0101 turpina atst\u0101t dzi\u013cas r\u0113tas gan sabiedr\u012bb\u0101, gan cilv\u0113ku sird\u012bs. \u0160\u012bs s\u0101p\u012bg\u0101s realit\u0101tes iem\u016b\u017eina starptautisko zi\u0146u a\u0123ent\u016bru fotogr\u0101fi, kuru darbs sniedz pasaulei skaudru, bet neatsveramu ieskatu konflikta brut\u0101laj\u0101 noris\u0113. Oktobra pirm\u0101s ned\u0113\u013cas 2025. gad\u0101 atkal uzr\u0101da nemain\u012bgi smago situ\u0101ciju front\u0113 un t\u0101s sekas civiliedz\u012bvot\u0101jiem. Katrs uz\u0146emtais kadrs ir ne tikai dokument\u0101cija, bet ar\u012b sp\u0113c\u012bgs st\u0101sts par izdz\u012bvo\u0161anu, pretest\u012bbu un dzi\u013c\u0101m cilv\u0113cisk\u0101m cie\u0161an\u0101m.<\/p>\n<p>Fotogr\u0101fu darba noz\u012bme un izaicin\u0101jumi<\/p>\n<p>Fotogr\u0101fijas ir k\u013cuvu\u0161as par vienu no galvenajiem inform\u0101cijas avotiem par karu Ukrain\u0101, pal\u012bdzot pasaulei izprast konflikta patieso dabu, kas nereti at\u0161\u0137iras no ofici\u0101l\u0101s propagandas. T\u0101s sp\u0113j rad\u012bt dzi\u013cu emp\u0101tiju un \u0161oku, mudinot sabiedr\u012bbu uz p\u0101rdom\u0101m un solidarit\u0101ti. \u0160ie att\u0113li ir k\u0101 skaudrs atg\u0101din\u0101jums par kara hum\u0101no cenu, izce\u013cot indiv\u012bdu st\u0101stus no statistikas un statistiku \u2013 no cilv\u0113ku cie\u0161an\u0101m. Fotogr\u0101fu darbs, lai ar\u012b bie\u017ei vien riskants, ir neatsverams, jo tas ne\u013cauj pasaulei aizmirst par notieko\u0161o. Vi\u0146i sniedz vizu\u0101lu liec\u012bbu, kas sp\u0113j p\u0101rsniegt valodu un kult\u016bru barjeras, atkl\u0101jot paties\u012bbu par karu.<\/p>\n<p>Kara fotogr\u0101fu ce\u013c\u0161 ir pilns briesm\u0101m. Vi\u0146i ikdien\u0101 saskaras ar nenoteikt\u012bbu, fizisku un emocion\u0101lu spriedzi, k\u0101 ar\u012b ar tie\u0161u apdraud\u0113jumu savai dz\u012bv\u012bbai. Lai gan vi\u0146u darbs ir iz\u0161\u0137iro\u0161s, lai uztur\u0113tu sabiedr\u012bbas inform\u0113t\u012bbu un mudin\u0101tu uz r\u012bc\u012bbu, pa\u0161i fotogr\u0101fi bie\u017ei vien paliek \u0113n\u0101, aiz sp\u0113c\u012bgajiem att\u0113liem. Vi\u0146u drosme un ap\u0146\u0113m\u012bba ir neatsverama, dokument\u0113jot notieko\u0161o god\u012bgi un prec\u012bzi, neskatoties uz person\u012bgo risku. Tiek uzsv\u0113rts, ka fotogr\u0101fija ir sp\u0113c\u012bgs instruments, lai vairotu izpratni un rosin\u0101tu diskusijas, mudinot mekl\u0113t ce\u013cus uz mieru.<\/p>\n<p>Kara realit\u0101tes iem\u016b\u017ein\u0101tas 2025. gada oktobr\u012b<\/p>\n<p>Oktobr\u012b, t\u0101pat k\u0101 iepriek\u0161\u0113jos m\u0113ne\u0161os, starptautisko zi\u0146u a\u0123ent\u016bru fotogr\u0101fi turpina dokument\u0113t Krievijas iebrukuma sekas Ukrain\u0101. Att\u0113li atspogu\u013co gan frontes l\u012bnijas dr\u0101mu, gan dz\u012bvi aizmugur\u0113, kas joproj\u0101m cie\u0161 no uzbrukumiem. \u010cernihiva p\u0113c Krievijas armijas rad\u012bt\u0101 elektroapg\u0101des p\u0101rr\u0101vuma, izn\u012bcin\u0101t\u0101s milit\u0101r\u0101s tehnikas izst\u0101des Kijiv\u0101, k\u0101 ar\u012b uzlidojumu sekas da\u017e\u0101d\u0101s pils\u0113t\u0101s \u2013 tas viss veido skaudru vizu\u0101lo st\u0101stu par turpin\u0101mo karu. \u0160ie kadri pau\u017e ne tikai izpost\u012bto ainavu, bet ar\u012b cilv\u0113cisko cie\u0161anu dzi\u013cumu, karav\u012bru ikdienas realit\u0101ti un civiliedz\u012bvot\u0101ju nelok\u0101mo pretest\u012bbu.<\/p>\n<p>Kar\u0161 Ukrain\u0101 fotogr\u0101fu ac\u012bm ir nep\u0101rtraukts atskats uz konflikta brut\u0101lo paties\u012bbu. Starptautiskie fotogr\u0101fi, risk\u0113jot ar sav\u0101m dz\u012bv\u012bb\u0101m, iem\u016b\u017eina notikumus, kas veido m\u016bsu izpratni par \u0161o karu. Vi\u0146u darbs ir noz\u012bm\u012bgs glob\u0101l\u0101s inform\u0101cijas telpas veido\u0161an\u0101 un sabiedr\u012bbas mobiliz\u0113\u0161an\u0101, lai atbalst\u012btu Ukrainu. Lai gan pag\u0101ju\u0161i vair\u0101ki gadi kop\u0161 pilna m\u0113roga iebrukuma s\u0101kuma, fotogr\u0101fu objekt\u012bvi turpina atkl\u0101t nepieradin\u0101tas s\u0101pes un neatsl\u0101bsto\u0161o cer\u012bbu uz br\u012bv\u012bbu.<\/p>\n<p>Fotogr\u0101fijas k\u0101 spogulis sabiedr\u012bbai<\/p>\n<p>Kara fotogr\u0101fijai ir milz\u012bga ietekme uz sabiedr\u012bbas uztveri. T\u0101s sp\u0113j sagraut romantiz\u0113tus priek\u0161status par karu, atkl\u0101jot t\u0101 patieso, bie\u017ei vien \u0161ausmino\u0161o realit\u0101ti. K\u0101 v\u0113sta v\u0113stures liec\u012bbas, fotogr\u0101fijas ir kalpoju\u0161as gan k\u0101 propagandas l\u012bdzeklis, gan k\u0101 protests pret karu. T\u0101s var izrais\u012bt dzi\u013cas emocijas, rosin\u0101t diskusijas un pat veicin\u0101t soci\u0101las p\u0101rmai\u0146as. Ukrainas kara fotogr\u0101fijas ir devu\u0161as iesp\u0113ju cilv\u0113kiem vis\u0101 pasaul\u0113 saskat\u012bt konflikta hum\u0101no dimensiju, radot glob\u0101lu solidarit\u0101ti un aicinot uz mierm\u012bl\u012bgu risin\u0101jumu mekl\u0113\u0161anu. \u0160ie att\u0113li ir k\u013cuvu\u0161i par neatsveramu liec\u012bbu par cilv\u0113ka cie\u0161an\u0101m un drosmi kr\u012bzes apst\u0101k\u013cos.<\/p>\n<p>Fotogr\u0101fu darbs Ukrain\u0101 ir nep\u0101rtraukta c\u012b\u0146a par paties\u012bbu un inform\u0101ciju. Vi\u0146u sp\u0113ja dokument\u0113t notieko\u0161o ar\u012b visb\u012bstam\u0101kajos apst\u0101k\u013cos ir b\u016btiska, lai pasaule neaizmirstu par \u0161o karu un turpin\u0101tu sniegt atbalstu Ukrainai. \u0160\u012bs fotogr\u0101fijas ir spogu\u013ci, kuros atspogu\u013cojas kara dr\u0101ma, cilv\u0113ku sp\u0113ks un cer\u012bba uz lab\u0101ku n\u0101kotni.<\/p>\n","protected":false},"excerpt":{"rendered":"Ukrainas kara s\u0101pju atspulgs fotogr\u0101fu objekt\u012bvos \u2013 2025. gada oktobra skat\u012bjums Kara dr\u0101ma Ukrain\u0101 turpina atst\u0101t dzi\u013cas r\u0113tas&hellip;\n","protected":false},"author":2,"featured_media":18731,"comment_status":"","ping_status":"","sticky":false,"template":"","format":"standard","meta":{"footnotes":""},"categories":[14],"tags":[6119,23,57,28,29,32,33,6117,3355,22,3354,30,31,35,39,38,36,37,34,40,20,26,27,6118,24,25,54,55,56,21,58],"class_list":{"0":"post-18730","1":"post","2":"type-post","3":"status-publish","4":"format-standard","5":"has-post-thumbnail","7":"category-zinas-no-arvalstim","8":"tag-2025-gada-oktobris","9":"tag-aktualitates","10":"tag-arvalstim","11":"tag-breaking-news","12":"tag-breakingnews","13":"tag-featured-news","14":"tag-featurednews","15":"tag-fotografi","16":"tag-fotozurnalistika","17":"tag-headlines","18":"tag-kars-ukraina","19":"tag-latest-news","20":"tag-latestnews","21":"tag-latvia","22":"tag-latvian","23":"tag-latviesu","24":"tag-latviesu-valoda","25":"tag-latviesuvaloda","26":"tag-latvija","27":"tag-lv","28":"tag-news","29":"tag-popularakas-zinas","30":"tag-popularakaszinas","31":"tag-starptautiskas-zinu-agenturas","32":"tag-top-stories","33":"tag-topstories","34":"tag-world","35":"tag-world-news","36":"tag-worldnews","37":"tag-zinas","38":"tag-zinas-no-arvalstim"},"share_on_mastodon":{"url":"","error":""},"_links":{"self":[{"href":"https:\/\/www.europesays.com\/lv\/wp-json\/wp\/v2\/posts\/18730","targetHints":{"allow":["GET"]}}],"collection":[{"href":"https:\/\/www.europesays.com\/lv\/wp-json\/wp\/v2\/posts"}],"about":[{"href":"https:\/\/www.europesays.com\/lv\/wp-json\/wp\/v2\/types\/post"}],"author":[{"embeddable":true,"href":"https:\/\/www.europesays.com\/lv\/wp-json\/wp\/v2\/users\/2"}],"replies":[{"embeddable":true,"href":"https:\/\/www.europesays.com\/lv\/wp-json\/wp\/v2\/comments?post=18730"}],"version-history":[{"count":0,"href":"https:\/\/www.europesays.com\/lv\/wp-json\/wp\/v2\/posts\/18730\/revisions"}],"wp:featuredmedia":[{"embeddable":true,"href":"https:\/\/www.europesays.com\/lv\/wp-json\/wp\/v2\/media\/18731"}],"wp:attachment":[{"href":"https:\/\/www.europesays.com\/lv\/wp-json\/wp\/v2\/media?parent=18730"}],"wp:term":[{"taxonomy":"category","embeddable":true,"href":"https:\/\/www.europesays.com\/lv\/wp-json\/wp\/v2\/categories?post=18730"},{"taxonomy":"post_tag","embeddable":true,"href":"https:\/\/www.europesays.com\/lv\/wp-json\/wp\/v2\/tags?post=18730"}],"curies":[{"name":"wp","href":"https:\/\/api.w.org\/{rel}","templated":true}]}}