{"id":18742,"date":"2025-10-12T02:03:11","date_gmt":"2025-10-12T02:03:11","guid":{"rendered":"https:\/\/www.europesays.com\/lv\/18742\/"},"modified":"2025-10-12T02:03:11","modified_gmt":"2025-10-12T02:03:11","slug":"nav-iemesla-ar-vinu-tikties","status":"publish","type":"post","link":"https:\/\/www.europesays.com\/lv\/18742\/","title":{"rendered":"Nav iemesla ar vi\u0146u tikties"},"content":{"rendered":"<p>ASV prezidents Donalds Tramps piektdien pazi\u0146oja, ka vairs neuzskata par nepiecie\u0161amu \u0161om\u0113nes tikties ar \u0136\u012bnas prezidentu Sji Dzji\u0146pinu, nosodot Pekinu par naid\u012bgu tirdzniec\u012bbas praksi un draudot ar milz\u012bgiem muitas tarifiem.<\/p>\n<p>&#8220;\u0136\u012bn\u0101 notiek \u013coti d\u012bvainas lietas! Vi\u0146i k\u013c\u016bst \u013coti naid\u012bgi,&#8221; Tramps nor\u0101d\u012bja platform\u0101 &#8220;Truth Social&#8221;.<\/p>\n<p>Vi\u0146\u0161 pauda sa\u0161utumu par to, ka \u0136\u012bna piem\u0113ro eksporta kontroli retzemju miner\u0101liem, kas ir svar\u012bgs moderno tehnolo\u0123iju komponents.<\/p>\n<p>&#8220;Man bija paredz\u0113ts tikties ar prezidentu Sji p\u0113c div\u0101m ned\u0113\u013c\u0101m \u0100zijas un Klus\u0101 oke\u0101na ekonomisk\u0101 sadarb\u012bbas (APEC) san\u0101ksm\u0113 Dienvidkorej\u0101, bet tagad, \u0161\u0137iet, nav iemesla to dar\u012bt,&#8221; kl\u0101st\u012bja Tramps.<\/p>\n<p>\u0136\u012bna ir nos\u016bt\u012bjusi v\u0113stules valst\u012bm vis\u0101 pasaul\u0113, kur\u0101s s\u012bki izkl\u0101st\u012bta eksporta kontrole &#8220;katram ra\u017eo\u0161anas elementam, kas saist\u012bts ar retzemju miner\u0101liem, un praktiski jebkam citam, par ko vi\u0146i var iedom\u0101ties, pat ja tas nav ra\u017eots \u0136\u012bn\u0101&#8221;, nor\u0101d\u012bja ASV prezidents.<\/p>\n<p>&#8220;Nek\u0101d\u0101 gad\u012bjum\u0101 nevajadz\u0113tu \u013caut \u0136\u012bnai tur\u0113t pasauli &#8220;g\u016bst\u0101&#8221;, bet, \u0161\u0137iet, ka t\u0101ds ir bijis vi\u0146u pl\u0101ns jau ilgu laiku,&#8221; pauda Tramps.<\/p>\n<p>&#8220;Viena no r\u012bc\u012bbpolitik\u0101m, ko m\u0113s \u0161obr\u012bd izstr\u0101d\u0101jam, ir mas\u012bva tarifu palielin\u0101\u0161ana \u0136\u012bnas produktiem, kas tiek ievesti ASV,&#8221; nor\u0101d\u012bja Tramps, piebilstot, ka vi\u0146\u0161 apsver &#8220;daudzus citus pretpas\u0101kumus&#8221;.<\/p>\n<p>Prezidents piebilda, ka vi\u0146\u0161 nav run\u0101jis ar Sji par \u0161o jaut\u0101jumu.<\/p>\n","protected":false},"excerpt":{"rendered":"ASV prezidents Donalds Tramps piektdien pazi\u0146oja, ka vairs neuzskata par nepiecie\u0161amu \u0161om\u0113nes tikties ar \u0136\u012bnas prezidentu Sji Dzji\u0146pinu,&hellip;\n","protected":false},"author":2,"featured_media":18743,"comment_status":"","ping_status":"","sticky":false,"template":"","format":"standard","meta":{"footnotes":""},"categories":[14],"tags":[129,960,957,4918,23,57,28,29,32,33,22,30,31,35,39,38,36,37,34,40,20,26,27,958,961,4919,959,962,4920,24,25,54,55,56,21,58],"class_list":{"0":"post-18742","1":"post","2":"type-post","3":"status-publish","4":"format-standard","5":"has-post-thumbnail","7":"category-zinas-no-arvalstim","8":"tag-__typenameadvicekeyword","9":"tag-id1007","10":"tag-id597","11":"tag-id657","12":"tag-aktualitates","13":"tag-arvalstim","14":"tag-breaking-news","15":"tag-breakingnews","16":"tag-featured-news","17":"tag-featurednews","18":"tag-headlines","19":"tag-latest-news","20":"tag-latestnews","21":"tag-latvia","22":"tag-latvian","23":"tag-latviesu","24":"tag-latviesu-valoda","25":"tag-latviesuvaloda","26":"tag-latvija","27":"tag-lv","28":"tag-news","29":"tag-popularakas-zinas","30":"tag-popularakaszinas","31":"tag-slugasv","32":"tag-slugdonalds-tramps","33":"tag-slugkina","34":"tag-titleasv","35":"tag-titledonalds-tramps","36":"tag-titlekina","37":"tag-top-stories","38":"tag-topstories","39":"tag-world","40":"tag-world-news","41":"tag-worldnews","42":"tag-zinas","43":"tag-zinas-no-arvalstim"},"share_on_mastodon":{"url":"","error":""},"_links":{"self":[{"href":"https:\/\/www.europesays.com\/lv\/wp-json\/wp\/v2\/posts\/18742","targetHints":{"allow":["GET"]}}],"collection":[{"href":"https:\/\/www.europesays.com\/lv\/wp-json\/wp\/v2\/posts"}],"about":[{"href":"https:\/\/www.europesays.com\/lv\/wp-json\/wp\/v2\/types\/post"}],"author":[{"embeddable":true,"href":"https:\/\/www.europesays.com\/lv\/wp-json\/wp\/v2\/users\/2"}],"replies":[{"embeddable":true,"href":"https:\/\/www.europesays.com\/lv\/wp-json\/wp\/v2\/comments?post=18742"}],"version-history":[{"count":0,"href":"https:\/\/www.europesays.com\/lv\/wp-json\/wp\/v2\/posts\/18742\/revisions"}],"wp:featuredmedia":[{"embeddable":true,"href":"https:\/\/www.europesays.com\/lv\/wp-json\/wp\/v2\/media\/18743"}],"wp:attachment":[{"href":"https:\/\/www.europesays.com\/lv\/wp-json\/wp\/v2\/media?parent=18742"}],"wp:term":[{"taxonomy":"category","embeddable":true,"href":"https:\/\/www.europesays.com\/lv\/wp-json\/wp\/v2\/categories?post=18742"},{"taxonomy":"post_tag","embeddable":true,"href":"https:\/\/www.europesays.com\/lv\/wp-json\/wp\/v2\/tags?post=18742"}],"curies":[{"name":"wp","href":"https:\/\/api.w.org\/{rel}","templated":true}]}}