{"id":18770,"date":"2025-10-12T02:30:13","date_gmt":"2025-10-12T02:30:13","guid":{"rendered":"https:\/\/www.europesays.com\/lv\/18770\/"},"modified":"2025-10-12T02:30:13","modified_gmt":"2025-10-12T02:30:13","slug":"melanija-trampa-pazino-ka-ir-nodibinajusi-sazinu-ar-putinu-saistiba-ar-nolaupitajiem-ukrainas-berniem","status":"publish","type":"post","link":"https:\/\/www.europesays.com\/lv\/18770\/","title":{"rendered":"Mel\u0101nija Trampa pazi\u0146o, ka ir nodibin\u0101jusi sazi\u0146u ar Putinu saist\u012bb\u0101 ar nolaup\u012btajiem Ukrainas b\u0113rniem"},"content":{"rendered":"<p>P\u0113c vi\u0146as teikt\u0101, Krievijas vadonis ir atbild\u0113jis uz v\u0113stuli, ko vi\u0146a caur savu v\u012bru Donaldu Trampu nodevusi Putinam vi\u0146u tik\u0161an\u0101s laik\u0101 A\u013cask\u0101. Sav\u0101 atbild\u0113 diktators, k\u0101 apgalvots, izteicis gatav\u012bbu sadarboties ar vi\u0146u saist\u012bb\u0101 ar Ukrainas b\u0113rniem, kuri nelikum\u012bgi aizvesti uz Krieviju, <a href=\"https:\/\/www.apollo.lv\/term\/556563\/melanija-trampa\" class=\"topicLink\" target=\"_blank\" rel=\"nofollow noopener\">Mel\u0101nija Trampa<\/a> pazi\u0146oja preses konferenc\u0113.<\/p>\n<p>\u201cUn kop\u0161 t\u0101 laika ir noticis daudz,\u201d uzskata ASV pirm\u0101 l\u0113dija. Pateicoties \u0161ai sadarb\u012bbai, p\u0113d\u0113jo 24 stundu laik\u0101 asto\u0146i Ukrainas b\u0113rni tika atgriezti sav\u0101s \u0123imen\u0113s.<\/p>\n<p>Vi\u0146as p\u0101rst\u0101vji ir sadarboju\u0161ies ar Krievijas prezidenta komandu, lai nodro\u0161in\u0101tu b\u0113rnu atkalapvieno\u0161anos ar \u0123imen\u0113m starp Krieviju un Ukrainu.<\/p>\n<p>\u201cKatrs no \u0161iem b\u0113rniem ir piedz\u012bvoju\u0161i kara traumu Ukrain\u0101. Tr\u012bs tika \u0161\u0137irti no vec\u0101kiem un p\u0101rvietoti uz Krievijas Feder\u0101ciju kauju d\u0113\u013c front\u0113. P\u0101r\u0113jie pieci tika \u0161\u0137irti no \u0123imenes locek\u013ciem p\u0101ri robe\u017e\u0101m,\u201d sac\u012bja pirm\u0101 l\u0113dija.<\/p>\n<p>Turkl\u0101t vi\u0146a atz\u012bm\u0113ja, ka Krievijas puse ir sniegusi biogr\u0101fiju un fotogr\u0101fijas par b\u0113rniem, kuri atgriezti pie vec\u0101kiem, k\u0101 ar\u012b inform\u0101ciju par soci\u0101lajiem, medic\u012bniskajiem un psiholo\u0123iskajiem pakalpojumiem, kas sniegti Ukrainas b\u0113rniem.<\/p>\n<p>Mel\u0101nija Trampa ar\u012b pazi\u0146oja par v\u0113l piecu b\u0113rnu atkalapvieno\u0161anos ar vi\u0146u \u0123imen\u0113m.<\/p>\n<p>Iepriek\u0161 tika zi\u0146ots, ka Krievija deport\u0113jusi O\u013ce\u0161ku intern\u0101tskolas audz\u0113k\u0146us.<\/p>\n","protected":false},"excerpt":{"rendered":"P\u0113c vi\u0146as teikt\u0101, Krievijas vadonis ir atbild\u0113jis uz v\u0113stuli, ko vi\u0146a caur savu v\u012bru Donaldu Trampu nodevusi Putinam&hellip;\n","protected":false},"author":2,"featured_media":18771,"comment_status":"","ping_status":"","sticky":false,"template":"","format":"standard","meta":{"footnotes":""},"categories":[5],"tags":[23,28,29,32,33,22,30,31,35,39,38,36,37,34,40,1760,20,26,27,24,25,276,235,21],"class_list":{"0":"post-18770","1":"post","2":"type-post","3":"status-publish","4":"format-standard","5":"has-post-thumbnail","7":"category-aktualitates","8":"tag-aktualitates","9":"tag-breaking-news","10":"tag-breakingnews","11":"tag-featured-news","12":"tag-featurednews","13":"tag-headlines","14":"tag-latest-news","15":"tag-latestnews","16":"tag-latvia","17":"tag-latvian","18":"tag-latviesu","19":"tag-latviesu-valoda","20":"tag-latviesuvaloda","21":"tag-latvija","22":"tag-lv","23":"tag-melanija-trampa","24":"tag-news","25":"tag-popularakas-zinas","26":"tag-popularakaszinas","27":"tag-top-stories","28":"tag-topstories","29":"tag-ukraina","30":"tag-vladimirs-putins","31":"tag-zinas"},"share_on_mastodon":{"url":"","error":""},"_links":{"self":[{"href":"https:\/\/www.europesays.com\/lv\/wp-json\/wp\/v2\/posts\/18770","targetHints":{"allow":["GET"]}}],"collection":[{"href":"https:\/\/www.europesays.com\/lv\/wp-json\/wp\/v2\/posts"}],"about":[{"href":"https:\/\/www.europesays.com\/lv\/wp-json\/wp\/v2\/types\/post"}],"author":[{"embeddable":true,"href":"https:\/\/www.europesays.com\/lv\/wp-json\/wp\/v2\/users\/2"}],"replies":[{"embeddable":true,"href":"https:\/\/www.europesays.com\/lv\/wp-json\/wp\/v2\/comments?post=18770"}],"version-history":[{"count":0,"href":"https:\/\/www.europesays.com\/lv\/wp-json\/wp\/v2\/posts\/18770\/revisions"}],"wp:featuredmedia":[{"embeddable":true,"href":"https:\/\/www.europesays.com\/lv\/wp-json\/wp\/v2\/media\/18771"}],"wp:attachment":[{"href":"https:\/\/www.europesays.com\/lv\/wp-json\/wp\/v2\/media?parent=18770"}],"wp:term":[{"taxonomy":"category","embeddable":true,"href":"https:\/\/www.europesays.com\/lv\/wp-json\/wp\/v2\/categories?post=18770"},{"taxonomy":"post_tag","embeddable":true,"href":"https:\/\/www.europesays.com\/lv\/wp-json\/wp\/v2\/tags?post=18770"}],"curies":[{"name":"wp","href":"https:\/\/api.w.org\/{rel}","templated":true}]}}