{"id":18776,"date":"2025-10-12T02:35:15","date_gmt":"2025-10-12T02:35:15","guid":{"rendered":"https:\/\/www.europesays.com\/lv\/18776\/"},"modified":"2025-10-12T02:35:15","modified_gmt":"2025-10-12T02:35:15","slug":"foto-un-video-%e2%9f%a9-riga-notiek-gajiens-palestiniesu-atbalstam","status":"publish","type":"post","link":"https:\/\/www.europesays.com\/lv\/18776\/","title":{"rendered":"FOTO UN VIDEO \u27e9 R\u012bg\u0101 notiek g\u0101jiens palest\u012bnie\u0161u atbalstam"},"content":{"rendered":"<p>Pieteikt\u0101 g\u0101jiena m\u0113r\u0137is bija piemin\u0113t Palest\u012bn\u0101 nogalin\u0101tos civiliedz\u012bvot\u0101jus. Akcijas &#8220;G\u0101jiens Palest\u012bnai: genoc\u012bda upuru piemi\u0146ai&#8221; dal\u012bbnieki izkliedza t\u0101dus sauk\u013cus k\u0101 &#8220;Br\u012bvu, br\u012bvu Palest\u012bnu&#8221;, &#8220;Genoc\u012bdam Gaz\u0101 &#8211; n\u0113!&#8221;, &#8220;Cilv\u0113kties\u012bbas visiem, nevis da\u017eiem&#8221;, &#8220;Latvija finans\u0113 &#8211; <a href=\"https:\/\/www.tvnet.lv\/term\/555449\/izraela\" class=\"topicLink\" target=\"_blank\" rel=\"nofollow noopener\">Izra\u0113la<\/a> bombard\u0113&#8221; un citus.<\/p>\n<p>Solidariz\u0113joties ar protest\u0113t\u0101jiem Lietuv\u0101 un Igaunij\u0101, da\u017ei sauk\u013ci g\u0101jien\u0101 laik\u0101 tika izkliegti ar\u012b \u0161aj\u0101s valod\u0101s.<\/p>\n<p>G\u0101jiena dal\u012bbniekiem bija Palest\u012bnas karogi un plak\u0101ti. Uz da\u017eiem no tiem rakst\u012bts &#8220;Atz\u012bt Palest\u012bnas valsti!&#8221;, &#8220;Genoc\u012bdam Gaz\u0101 &#8211; n\u0113!&#8221; un &#8220;Cilv\u0113kiem Gaz\u0101 nav ko \u0113st&#8221;.<\/p>\n<p>Neilgi pirms g\u0101jiena s\u0101kuma no V\u0113rmanes d\u0101rza estr\u0101des k\u0101ds v\u012brietis v\u0113rs\u0101s pie g\u0101jiena dal\u012bbniekiem, saucot &#8220;Izra\u0113la!&#8221; un &#8220;Teroristi!&#8221;.<\/p>\n<p>R\u012bg\u0101 notiek g\u0101jiens palest\u012bnie\u0161u atbalstam (atskata video)<\/p>\n<p>Pas\u0101kumu uzraudz\u012bja Valsts policija. Dal\u012bbnieku p\u016blim g\u0101jien\u0101 sekoja \u010detri policisti.<\/p>\n<p>G\u0101jiens tika organiz\u0113ts no V\u0113rmanes d\u0101rza estr\u0101des pa Barona ielu, Aspazijas bulv\u0101ri, Zigfr\u012bda Annas Meierovica bulv\u0101ri, Kri\u0161j\u0101\u0146a Valdem\u0101ra ielu, L\u0101\u010dpl\u0113\u0161a ielu, Br\u012bv\u012bbas ielu, Elizabetes ielu, atgrie\u017eoties V\u0113rmanes d\u0101rz\u0101.<\/p>\n<p>K\u0101 a\u0123ent\u016bra LETA iepriek\u0161 noskaidroja R\u012bgas dom\u0113, pieteikums pas\u0101kuma r\u012bko\u0161anai iesniegts likum\u0101 noteikt\u0101 k\u0101rt\u012bb\u0101.<\/p>\n<p>G\u0101jienu organiz\u0113ja kust\u012bba &#8220;Par br\u012bvu Palest\u012bnu&#8221;.<\/p>\n<p>&#8220;Ham\u0101s&#8221; 2023. gada 7. oktobr\u012b iebruka Izra\u0113l\u0101, kur noslepkavoja 1219 cilv\u0113kus, galvenok\u0101rt civiliedz\u012bvot\u0101jus, un sagr\u0101ba 251 \u0137\u012blnieku. Rea\u0123\u0113jot uz \u0161o uzbrukumu, Izra\u0113la izv\u0113rsa milit\u0101ro oper\u0101ciju Gazas josl\u0101, kas turpin\u0101s jau divus gadus.<\/p>\n","protected":false},"excerpt":{"rendered":"Pieteikt\u0101 g\u0101jiena m\u0113r\u0137is bija piemin\u0113t Palest\u012bn\u0101 nogalin\u0101tos civiliedz\u012bvot\u0101jus. Akcijas &#8220;G\u0101jiens Palest\u012bnai: genoc\u012bda upuru piemi\u0146ai&#8221; dal\u012bbnieki izkliedza t\u0101dus sauk\u013cus&hellip;\n","protected":false},"author":2,"featured_media":18777,"comment_status":"","ping_status":"","sticky":false,"template":"","format":"standard","meta":{"footnotes":""},"categories":[12],"tags":[23,28,29,32,33,1274,22,493,503,30,31,35,39,38,36,37,34,40,20,26,27,24,25,4019,21],"class_list":{"0":"post-18776","1":"post","2":"type-post","3":"status-publish","4":"format-standard","5":"has-post-thumbnail","7":"category-latvija","8":"tag-aktualitates","9":"tag-breaking-news","10":"tag-breakingnews","11":"tag-featured-news","12":"tag-featurednews","13":"tag-gazas-josla","14":"tag-headlines","15":"tag-izraela","16":"tag-izraelas-palestiniesu-konflikts","17":"tag-latest-news","18":"tag-latestnews","19":"tag-latvia","20":"tag-latvian","21":"tag-latviesu","22":"tag-latviesu-valoda","23":"tag-latviesuvaloda","24":"tag-latvija","25":"tag-lv","26":"tag-news","27":"tag-popularakas-zinas","28":"tag-popularakaszinas","29":"tag-top-stories","30":"tag-topstories","31":"tag-tvnet-saturs","32":"tag-zinas"},"share_on_mastodon":{"url":"","error":""},"_links":{"self":[{"href":"https:\/\/www.europesays.com\/lv\/wp-json\/wp\/v2\/posts\/18776","targetHints":{"allow":["GET"]}}],"collection":[{"href":"https:\/\/www.europesays.com\/lv\/wp-json\/wp\/v2\/posts"}],"about":[{"href":"https:\/\/www.europesays.com\/lv\/wp-json\/wp\/v2\/types\/post"}],"author":[{"embeddable":true,"href":"https:\/\/www.europesays.com\/lv\/wp-json\/wp\/v2\/users\/2"}],"replies":[{"embeddable":true,"href":"https:\/\/www.europesays.com\/lv\/wp-json\/wp\/v2\/comments?post=18776"}],"version-history":[{"count":0,"href":"https:\/\/www.europesays.com\/lv\/wp-json\/wp\/v2\/posts\/18776\/revisions"}],"wp:featuredmedia":[{"embeddable":true,"href":"https:\/\/www.europesays.com\/lv\/wp-json\/wp\/v2\/media\/18777"}],"wp:attachment":[{"href":"https:\/\/www.europesays.com\/lv\/wp-json\/wp\/v2\/media?parent=18776"}],"wp:term":[{"taxonomy":"category","embeddable":true,"href":"https:\/\/www.europesays.com\/lv\/wp-json\/wp\/v2\/categories?post=18776"},{"taxonomy":"post_tag","embeddable":true,"href":"https:\/\/www.europesays.com\/lv\/wp-json\/wp\/v2\/tags?post=18776"}],"curies":[{"name":"wp","href":"https:\/\/api.w.org\/{rel}","templated":true}]}}