{"id":18803,"date":"2025-10-12T03:43:04","date_gmt":"2025-10-12T03:43:04","guid":{"rendered":"https:\/\/www.europesays.com\/lv\/18803\/"},"modified":"2025-10-12T03:43:04","modified_gmt":"2025-10-12T03:43:04","slug":"centrs-marta-kritize-politiku-alternativu-stambulas-konvencijai-simbolisks-solis-bet-ne-risinajums-lente-lv","status":"publish","type":"post","link":"https:\/\/www.europesays.com\/lv\/18803\/","title":{"rendered":"Centrs &quot;Marta&quot; kritiz\u0113 politi\u0137u alternat\u012bvu Stambulas konvencijai: &quot;Simbolisks solis, bet ne risin\u0101jums&quot; &#8211; Lente.lv"},"content":{"rendered":"<ol>\n<li><a href=\"https:\/\/news.google.com\/rss\/articles\/CBMi2AFBVV95cUxPNUJVQU1mb0lQa05FTTJvbnpfV1ZGSENZZU9WYk5DREg2ZGZiMGR2MlJmN0N0b3IwV0lfSDNXb2lNNHRXS2V5RVZLXzYyT0NMUlJIeGEzaGFoY25lWFFEUlhndU1iZWh1X3dQcWJJaTBGdUZBQ3k4a3RfMEoySVlZc1pwRzMxOExPMHFLanJuZFZlZWc3dVladUh3M3QwLUV5a0poV0tLWW93NEpSa21GdjJkck1rNUljeDVCcThnOFdvWmhNdUd1R2g4alRvSnZpWWNiMDFhSXo?oc=5\" target=\"_blank\" rel=\"nofollow noopener\">Centrs &#8220;Marta&#8221; kritiz\u0113 politi\u0137u alternat\u012bvu Stambulas konvencijai: &#8220;Simbolisks solis, bet ne risin\u0101jums&#8221;<\/a>&nbsp;&nbsp;Lente.lv<\/li>\n<li><a href=\"https:\/\/news.google.com\/rss\/articles\/CBMitwFBVV95cUxPWTF1LTJXMDY4N3FmRWMtWS0tMG9rbk9SSkVlenVnZFFJblNHcXJjY010anlkd1EwNzMxcEpFRHkxb2VSMkdCSWlFWDhvbWVfR2xGOVRhSDFFdFNoYmxKWE5oOUdkeENoWEhNSzAyaWdFbFZMdDZHNm84Ni1fVURWSndIbFROTDBqTEt1b1lETTY1SEdtM2JwYTVDcE10OGkzVFh5RzhHcHE4QVY0WkgxN3pUT3pneG8?oc=5\" target=\"_blank\" rel=\"nofollow noopener\">&#8220;Alternat\u012bva Stambulas konvencijai&#8221; nedod vietu ideolo\u0123isk\u0101m interpret\u0101cij\u0101m, pau\u017e Mieri\u0146a<\/a>&nbsp;&nbsp;TVNET<\/li>\n<li><a href=\"https:\/\/news.google.com\/rss\/articles\/CBMi5wFBVV95cUxPbXR0WE5hWVFOY0M5c3I4azBwMnN0XzR3dmlYWWV0V0xtaDVYR1p3dy1MaTNrM1l0SFIyMlNaQjRvSTVEbU45eGVVWkpPQVNmLUtNemd2alRTbkdTN1J5TDhvMW1OQWtFcGJjb29IY09rSXdhN2wxRXN4NEZBUjdsN2dTV3NBUGo1UmtoLVhneFo2YngxemNRLVNuRHU2amRSRTctR1NSdFNFNlk0WF8za3JDZzEya19acjB6OF82aDByZENQY094UjFzTVEzaXlGRTQxeDI5eVFBeUxDdkx2amdOaUtWT0E?oc=5\" target=\"_blank\" rel=\"nofollow noopener\">&#8220;Spried ar Delfi&#8221; par izst\u0101\u0161anos no Stambulas konvencijas un t\u0101s viet\u0101 pied\u0101v\u0101to alternat\u012bvu<\/a>&nbsp;&nbsp;Delfi<\/li>\n<li><a href=\"https:\/\/news.google.com\/rss\/articles\/CBMipAFBVV95cUxOanY0U1BTYUdPTE1UVXlOS1NFNVdFZXF1bE5VVFJFc3FBZGRUTnoyWFdiTmlxMDRFR1FjaWFIa2hIMUdvREtjY19GdW5Zak83Ymh0d2d6RVB1NTRqWEZMbm1MOWVzekxIMm0wU3l1NW95UHhEaUlGMVhEalZrSUhHdGNDVmhHcTQxTEF3NlJaVmxLZ0NoQ3F2MC1taC1XVExyeFp6Nw?oc=5\" target=\"_blank\" rel=\"nofollow noopener\">Ir aizdomas, ka finans\u0113jums vardarb\u012bbas apkaro\u0161anai tiek novirz\u012bts ar\u012b citiem m\u0113r\u0137iem<\/a>&nbsp;&nbsp;LA.LV<\/li>\n<li><a href=\"https:\/\/news.google.com\/rss\/articles\/CBMingFBVV95cUxPdF94ZEV6VHJUc09BY3lnNXVkcjgxWFkyYmQ1Y09oVjJQamI2VWZBTW5fdTl1eVp2cEpLTGNhalE3MUlrVEhfQ1hhQ0hfa1Y3eHkzQndIY0xMUU05UTVELUhrSUdQUF91RUVvbFZuWU84YTNrQ1U1b3FGUW5INGthcmtmWno2Uk9TeWlWZ0JNeXZiUEJXb212YWlfWi1TUQ?oc=5\" target=\"_blank\" rel=\"nofollow noopener\">Centrs &#8220;Marta&#8221;: Viet\u0113ja alternat\u012bva nevar aizst\u0101t Stambulas konvenciju<\/a>&nbsp;&nbsp;Apollo.lv<\/li>\n<\/ol>\n","protected":false},"excerpt":{"rendered":"Centrs &#8220;Marta&#8221; kritiz\u0113 politi\u0137u alternat\u012bvu Stambulas konvencijai: &#8220;Simbolisks solis, bet ne risin\u0101jums&#8221;&nbsp;&nbsp;Lente.lv &#8220;Alternat\u012bva Stambulas konvencijai&#8221; nedod vietu ideolo\u0123isk\u0101m&hellip;\n","protected":false},"author":2,"featured_media":18804,"comment_status":"","ping_status":"","sticky":false,"template":"","format":"standard","meta":{"footnotes":""},"categories":[12],"tags":[23,28,29,2177,32,33,22,30,31,35,39,38,36,37,34,40,20,6146,26,27,2023,6145,24,25,6144,21],"class_list":{"0":"post-18803","1":"post","2":"type-post","3":"status-publish","4":"format-standard","5":"has-post-thumbnail","7":"category-latvija","8":"tag-aktualitates","9":"tag-breaking-news","10":"tag-breakingnews","11":"tag-centrs-marta","12":"tag-featured-news","13":"tag-featurednews","14":"tag-headlines","15":"tag-latest-news","16":"tag-latestnews","17":"tag-latvia","18":"tag-latvian","19":"tag-latviesu","20":"tag-latviesu-valoda","21":"tag-latviesuvaloda","22":"tag-latvija","23":"tag-lv","24":"tag-news","25":"tag-politiska-deklaracija","26":"tag-popularakas-zinas","27":"tag-popularakaszinas","28":"tag-stambulas-konvencija","29":"tag-starptautiskie-ligumi","30":"tag-top-stories","31":"tag-topstories","32":"tag-vardarbiba-pret-sievietem","33":"tag-zinas"},"share_on_mastodon":{"url":"","error":""},"_links":{"self":[{"href":"https:\/\/www.europesays.com\/lv\/wp-json\/wp\/v2\/posts\/18803","targetHints":{"allow":["GET"]}}],"collection":[{"href":"https:\/\/www.europesays.com\/lv\/wp-json\/wp\/v2\/posts"}],"about":[{"href":"https:\/\/www.europesays.com\/lv\/wp-json\/wp\/v2\/types\/post"}],"author":[{"embeddable":true,"href":"https:\/\/www.europesays.com\/lv\/wp-json\/wp\/v2\/users\/2"}],"replies":[{"embeddable":true,"href":"https:\/\/www.europesays.com\/lv\/wp-json\/wp\/v2\/comments?post=18803"}],"version-history":[{"count":0,"href":"https:\/\/www.europesays.com\/lv\/wp-json\/wp\/v2\/posts\/18803\/revisions"}],"wp:featuredmedia":[{"embeddable":true,"href":"https:\/\/www.europesays.com\/lv\/wp-json\/wp\/v2\/media\/18804"}],"wp:attachment":[{"href":"https:\/\/www.europesays.com\/lv\/wp-json\/wp\/v2\/media?parent=18803"}],"wp:term":[{"taxonomy":"category","embeddable":true,"href":"https:\/\/www.europesays.com\/lv\/wp-json\/wp\/v2\/categories?post=18803"},{"taxonomy":"post_tag","embeddable":true,"href":"https:\/\/www.europesays.com\/lv\/wp-json\/wp\/v2\/tags?post=18803"}],"curies":[{"name":"wp","href":"https:\/\/api.w.org\/{rel}","templated":true}]}}