{"id":18831,"date":"2025-10-12T04:40:06","date_gmt":"2025-10-12T04:40:06","guid":{"rendered":"https:\/\/www.europesays.com\/lv\/18831\/"},"modified":"2025-10-12T04:40:06","modified_gmt":"2025-10-12T04:40:06","slug":"andris-erglis-aicina-novertet-mirkli-ar-jauno-dziesmu-solijums-lente-lv","status":"publish","type":"post","link":"https:\/\/www.europesays.com\/lv\/18831\/","title":{"rendered":"Andris \u0112rglis aicina nov\u0113rt\u0113t mirkli ar jauno dziesmu &#8220;Sol\u012bjums&#8221;\u00a0\u2014\u00a0Lente.lv"},"content":{"rendered":"<p>Andris \u0112rglis atkl\u0101j jaunu dziesmu un iel\u016bdz p\u0101rdom\u0101s<\/p>\n<p>Dzied\u0101t\u0101js Andris \u0112rglis turpina iepaz\u012bstin\u0101t klaus\u012bt\u0101jus ar savu dr\u012bzum\u0101 gaid\u0101mo studijas albumu &#8220;St\u0101sts&#8221;, kas paredz\u0113ts izdot oktobra beig\u0101s. Jaun\u0101kais singls &#8220;Sol\u012bjums&#8221; ir liriskas p\u0101rdomas balst\u012bta kompoz\u012bcija, kas aicina apst\u0101ties un nov\u0113rt\u0113t mirk\u013ca noz\u012bm\u012bgumu dz\u012bves straujaj\u0101 pl\u016bdum\u0101. \u0160is singls kalpos k\u0101 emocion\u0101ls ievads gaid\u0101majiem albuma prezent\u0101cijas koncertiem.<\/p>\n<p>Dziesmas v\u0113st\u012bjums un rado\u0161ais process<\/p>\n<p>&#8220;Sol\u012bjums&#8221; ir melanholisks un dzi\u013ci personisks st\u0101sts par dz\u012bves nep\u0101rtraukto virz\u012bbu un v\u0113rt\u012bb\u0101m, kas laika gait\u0101 k\u013c\u016bst vissvar\u012bg\u0101k\u0101s. T\u0101 ir k\u0101 muzik\u0101la atskata uz b\u0113rn\u012bbas sap\u0146iem un pieaugu\u0161\u0101 atzi\u0146u, ka vissvar\u012bg\u0101k\u0101 ir m\u012blest\u012bba. Dziesmas ideja radusies no pa\u0161a \u0112rg\u013ca rad\u012bt\u0101s melodijas, ko v\u0101rdos iet\u0113rpis talant\u012bgais m\u016bzi\u0137is un tekstu autors M\u0101rti\u0146\u0161 Kanters. Kanters izveidojis tekstu\u0101las p\u0101rdomas par dz\u012bvi, kas uzrun\u0101 \u013coti personiski.<\/p>\n<blockquote>\n<p>&#8220;Kad rad\u012bju melodiju \u0161ai dziesmai, man\u012b k\u0101du laiku jau dz\u012bvoja domas par dz\u012bvi, t\u0101s strauju rit\u0113jumu &#8211; dz\u012bve ir glu\u017ei k\u0101 strauts, kur\u0161 nekad nebeidzas un ir kust\u012bb\u0101. M\u0101rti\u0146\u0161 melodiju iet\u0113rpa v\u0101rdos, kas uzrun\u0101 \u013coti personiski. M\u0113s visi skrienam, pl\u0101nojam, tiecamies, bet reiz\u0113m aizmirstam par sol\u012bjumiem, ko esam devu\u0161i pa\u0161i sev b\u0113rn\u012bb\u0101 &#8211; m\u012bl\u0113t, priec\u0101ties, dz\u012bvot pa \u012bstam. &#8220;Sol\u012bjums&#8221; ir k\u0101 atg\u0101din\u0101jums katram pa\u0161am apst\u0101ties un nov\u0113rt\u0113t mirkli, jo tie\u0161i no mirk\u013ciem sast\u0101v visa m\u016bsu dz\u012bve. Ceru, ka tas klaus\u012bt\u0101jos rais\u012bs gai\u0161as p\u0101rdomas,&#8221; st\u0101sta Andris \u0112rglis.<\/p>\n<\/blockquote>\n<p>Muzik\u0101lais noform\u0113jums un profesion\u0101\u013cu ieguld\u012bjums<\/p>\n<p>Dziesma ir ietur\u0113ta liriskas popm\u016bzikas stil\u0101. T\u0101s p\u0101rdomas veicino\u0161o noska\u0146u studij\u0101 pal\u012bdz\u0113jis rad\u012bt producents J\u0101nis \u010cubars, bet dziesmas miks\u0113\u0161anu un master\u0113\u0161anu veidojis J\u0101nis Kalve. &#8220;Sol\u012bjums&#8221; organiski papildin\u0101s Andra klaus\u012bt\u0101ju atska\u0146o\u0161anas sarakstus, \u012bpa\u0161i tiem, kuriem pat\u012bk aizdom\u0101ties par savu dz\u012bves g\u0101jumu.<\/p>\n","protected":false},"excerpt":{"rendered":"Andris \u0112rglis atkl\u0101j jaunu dziesmu un iel\u016bdz p\u0101rdom\u0101s Dzied\u0101t\u0101js Andris \u0112rglis turpina iepaz\u012bstin\u0101t klaus\u012bt\u0101jus ar savu dr\u012bzum\u0101 gaid\u0101mo&hellip;\n","protected":false},"author":2,"featured_media":18832,"comment_status":"","ping_status":"","sticky":false,"template":"","format":"standard","meta":{"footnotes":""},"categories":[19],"tags":[1013,89,90,2043,35,39,38,194,36,37,34,40,2041,2042],"class_list":{"0":"post-18831","1":"post","2":"type-post","3":"status-publish","4":"format-standard","5":"has-post-thumbnail","7":"category-izklaide","8":"tag-andris-erglis","9":"tag-entertainment","10":"tag-izklaide","11":"tag-jauna-dziesma","12":"tag-latvia","13":"tag-latvian","14":"tag-latviesu","15":"tag-latviesu-muzika","16":"tag-latviesu-valoda","17":"tag-latviesuvaloda","18":"tag-latvija","19":"tag-lv","20":"tag-solijums","21":"tag-stasts"},"share_on_mastodon":{"url":"","error":""},"_links":{"self":[{"href":"https:\/\/www.europesays.com\/lv\/wp-json\/wp\/v2\/posts\/18831","targetHints":{"allow":["GET"]}}],"collection":[{"href":"https:\/\/www.europesays.com\/lv\/wp-json\/wp\/v2\/posts"}],"about":[{"href":"https:\/\/www.europesays.com\/lv\/wp-json\/wp\/v2\/types\/post"}],"author":[{"embeddable":true,"href":"https:\/\/www.europesays.com\/lv\/wp-json\/wp\/v2\/users\/2"}],"replies":[{"embeddable":true,"href":"https:\/\/www.europesays.com\/lv\/wp-json\/wp\/v2\/comments?post=18831"}],"version-history":[{"count":0,"href":"https:\/\/www.europesays.com\/lv\/wp-json\/wp\/v2\/posts\/18831\/revisions"}],"wp:featuredmedia":[{"embeddable":true,"href":"https:\/\/www.europesays.com\/lv\/wp-json\/wp\/v2\/media\/18832"}],"wp:attachment":[{"href":"https:\/\/www.europesays.com\/lv\/wp-json\/wp\/v2\/media?parent=18831"}],"wp:term":[{"taxonomy":"category","embeddable":true,"href":"https:\/\/www.europesays.com\/lv\/wp-json\/wp\/v2\/categories?post=18831"},{"taxonomy":"post_tag","embeddable":true,"href":"https:\/\/www.europesays.com\/lv\/wp-json\/wp\/v2\/tags?post=18831"}],"curies":[{"name":"wp","href":"https:\/\/api.w.org\/{rel}","templated":true}]}}