{"id":18856,"date":"2025-10-12T05:17:04","date_gmt":"2025-10-12T05:17:04","guid":{"rendered":"https:\/\/www.europesays.com\/lv\/18856\/"},"modified":"2025-10-12T05:17:04","modified_gmt":"2025-10-12T05:17:04","slug":"latvijas-sancensu-dueli-albanijas-futbolisti-pk-kvalifikacija-parspej-serbiju","status":"publish","type":"post","link":"https:\/\/www.europesays.com\/lv\/18856\/","title":{"rendered":"Latvijas s\u0101ncen\u0161u duel\u012b Alb\u0101nijas futbolisti PK kvalifik\u0101cij\u0101 p\u0101rsp\u0113j Serbiju"},"content":{"rendered":"<p>Cit\u0101 E grupas ma\u010d\u0101 Turcija viesos ar 6:1 (1:1) sagr\u0101va Bulg\u0101riju. Otr\u0101 puslaika ievad\u0101 piecu min\u016b\u0161u nogriezn\u012b divas reizes m\u0101jinieku v\u0101rtsargu p\u0101rsp\u0113ja Kenands Jildizs, pan\u0101kot 4:1.<\/p>\n<p>P\u0113c tr\u012bs sp\u0113\u013cu k\u0101rt\u0101m E grup\u0101 Sp\u0101nijai ir devi\u0146i punkti, se\u0161us punktus iekr\u0101jusi Turcija, Gruzija tikusi pie tr\u012bs punktiem, bet punktiem ir Bulg\u0101rija.<\/p>\n<p>Tikm\u0113r F grup\u0101 Portug\u0101les futbolisti sav\u0101 laukum\u0101 izr\u0101va uzvaru tikai kompens\u0101cijas laik\u0101, ar 1:0 (0:0) p\u0101rsp\u0113jot \u012ariju.<\/p>\n<p>75.min\u016bt\u0113 portug\u0101\u013cus vad\u012bb\u0101 neizdev\u0101s izvirz\u012bt Kri\u0161tianu Ronaldu, kura izpild\u012btais 11 metru soda sitiens bija neprec\u012bzs. Kompens\u0101cijas laika pirmaj\u0101 min\u016bt\u0113 uzvaru neso\u0161os v\u0101rtus guva R\u016bbens Neve\u0161s.<\/p>\n<p>P\u0113c tr\u012bs sp\u0113\u013cu k\u0101rt\u0101m F grup\u0101 Portug\u0101le iekr\u0101jusi devi\u0146us punktus, Ung\u0101rijai ir \u010detri punkti, par vienu punktu maz\u0101k ir Arm\u0113nijai, bet \u012arija izc\u012bn\u012bjusi vienu punktu.<\/p>\n<p>Pasaules kausa fin\u0101lturn\u012bram no Eiropas zonas kvalific\u0113sies 16 izlases &#8211; 12 grupu uzvar\u0113t\u0101jas, bet &#8220;play-off&#8221; k\u0101rt\u0101 piedal\u012bsies 12 otro vietu ieguv\u0113jas un \u010detras lab\u0101k\u0101s 2024.\/2025. gada sezonas UEFA N\u0101ciju l\u012bgas grupu uzvar\u0113t\u0101jas, kas kvalifik\u0101cijas grup\u0101s b\u016bs \u0101rpus lab\u0101ko divnieka.<\/p>\n<p>Pasaules kausa fin\u0101lturn\u012brs Kan\u0101d\u0101, Meksik\u0101 un ASV norisin\u0101sies 2026. gada j\u016bnij\u0101 un j\u016blij\u0101.<\/p>\n","protected":false},"excerpt":{"rendered":"Cit\u0101 E grupas ma\u010d\u0101 Turcija viesos ar 6:1 (1:1) sagr\u0101va Bulg\u0101riju. Otr\u0101 puslaika ievad\u0101 piecu min\u016b\u0161u nogriezn\u012b divas&hellip;\n","protected":false},"author":2,"featured_media":18857,"comment_status":"","ping_status":"","sticky":false,"template":"","format":"standard","meta":{"footnotes":""},"categories":[17],"tags":[714,676,1375,35,39,38,36,37,34,40,3983,67],"class_list":{"0":"post-18856","1":"post","2":"type-post","3":"status-publish","4":"format-standard","5":"has-post-thumbnail","7":"category-sports","8":"tag-futbola-jaunumi","9":"tag-futbols","10":"tag-futbols-pasaule","11":"tag-latvia","12":"tag-latvian","13":"tag-latviesu","14":"tag-latviesu-valoda","15":"tag-latviesuvaloda","16":"tag-latvija","17":"tag-lv","18":"tag-pasaules-kauss-futbola","19":"tag-sports"},"share_on_mastodon":{"url":"","error":""},"_links":{"self":[{"href":"https:\/\/www.europesays.com\/lv\/wp-json\/wp\/v2\/posts\/18856","targetHints":{"allow":["GET"]}}],"collection":[{"href":"https:\/\/www.europesays.com\/lv\/wp-json\/wp\/v2\/posts"}],"about":[{"href":"https:\/\/www.europesays.com\/lv\/wp-json\/wp\/v2\/types\/post"}],"author":[{"embeddable":true,"href":"https:\/\/www.europesays.com\/lv\/wp-json\/wp\/v2\/users\/2"}],"replies":[{"embeddable":true,"href":"https:\/\/www.europesays.com\/lv\/wp-json\/wp\/v2\/comments?post=18856"}],"version-history":[{"count":0,"href":"https:\/\/www.europesays.com\/lv\/wp-json\/wp\/v2\/posts\/18856\/revisions"}],"wp:featuredmedia":[{"embeddable":true,"href":"https:\/\/www.europesays.com\/lv\/wp-json\/wp\/v2\/media\/18857"}],"wp:attachment":[{"href":"https:\/\/www.europesays.com\/lv\/wp-json\/wp\/v2\/media?parent=18856"}],"wp:term":[{"taxonomy":"category","embeddable":true,"href":"https:\/\/www.europesays.com\/lv\/wp-json\/wp\/v2\/categories?post=18856"},{"taxonomy":"post_tag","embeddable":true,"href":"https:\/\/www.europesays.com\/lv\/wp-json\/wp\/v2\/tags?post=18856"}],"curies":[{"name":"wp","href":"https:\/\/api.w.org\/{rel}","templated":true}]}}