{"id":18880,"date":"2025-10-12T06:08:10","date_gmt":"2025-10-12T06:08:10","guid":{"rendered":"https:\/\/www.europesays.com\/lv\/18880\/"},"modified":"2025-10-12T06:08:10","modified_gmt":"2025-10-12T06:08:10","slug":"lusis-komente-%e2%9f%a9-pienacis-laiks-aizliegt-tos-suda-elektroskrejritenus-ne-tvnet","status":"publish","type":"post","link":"https:\/\/www.europesays.com\/lv\/18880\/","title":{"rendered":"L\u016aSIS KOMENT\u0112 \u27e9 Pien\u0101cis laiks aizliegt tos s\u016bda elektroskrejrite\u0146us, ne? &#8211; TVNET"},"content":{"rendered":"<ol>\n<li><a href=\"https:\/\/news.google.com\/rss\/articles\/CBMinwFBVV95cUxOVjg1ZFA4MXdmZC1NQVN6LVZjOWVqTmx4aTJ6YlVxQkdJNkdGdFpFX2Vlc0VxaW9rZG5RenVSNjUwWkhma3BYejF0QW94YWh4d2x4M3JJcnFCczhnb0d2NWtoU0FyaEQyX1J4T2x3ZFA2TEVndXRqc2lleW1Hbnl0N0JudXhFakpIY3NMekNtZUZWV0xLX2M5Q2JnRldiU2M?oc=5\" target=\"_blank\" rel=\"nofollow noopener\">L\u016aSIS KOMENT\u0112 \u27e9 Pien\u0101cis laiks aizliegt tos s\u016bda elektroskrejrite\u0146us, ne?<\/a>&nbsp;&nbsp;TVNET<\/li>\n<li><a href=\"https:\/\/news.google.com\/rss\/articles\/CBMi0AFBVV95cUxNTERuMlB4aW9WNFVMd3N3eUhaWXhvNTdZckJlUDF5ZHpBcmpWcFBVN0VtNklDVi1BRnNQeUtEelUwVkxfTnF2d2pod3Z2VWUxRlJQUmlTZUc5dmZUNzJWQTZTajFjQVRfR01aQmY1RGRBM2JOMjFMUGQ4OTVfenhld1dXN2NadVRqQ3ZvOE9BRnBFNk03S2Q3LUNqQzNxU2hTM2pIRlIxek9ORlQwZHA4UktqZnR4VERWWHd4NFFnQXFYUkVMNUtiYjdjNktqTnMz?oc=5\" target=\"_blank\" rel=\"nofollow noopener\">P\u0101rsimt metru no tra\u0123\u0113dijas vietas Imant\u0101 atkl\u0101jas pier\u0101d\u012bjums, k\u0101p\u0113c notiku\u0161ais bija tikai laika jaut\u0101jums<\/a>&nbsp;&nbsp;TVNET<\/li>\n<li><a href=\"https:\/\/news.google.com\/rss\/articles\/CBMiuAFBVV95cUxNMDMwUk5GZWhvdEhQVENoY3l0SXhDOWdIRXZyLU5QbUZUT0R0QXF2RE45MW5zandrOUR0V09YaHdXREZWUE1wQS1HeXVmY0g3UnNJNFdhaE1Qa21wOHBVa2x1a2pnWlV6RUZfTU5kYmh2MnB3MGRjMUxsTldVTHRBZWN1TEh5TXNkZ0dRZ2NrS2gwQzJQMDNyZ2tfd3BfU3F1cThuclBDVWRZekpGMVRQMk9tTkZ0ekxa?oc=5\" target=\"_blank\" rel=\"nofollow noopener\">Nesen\u0101 tra\u0123\u0113dija Imant\u0101 liek dom\u0101t &#8211; ar\u012b b\u0113rniem vajadz\u012bga dro\u0161as brauk\u0161anas skola<\/a>&nbsp;&nbsp;Jauns.lv<\/li>\n<li><a href=\"https:\/\/news.google.com\/rss\/articles\/CBMitAFBVV95cUxQMndsenAxM0t0R3ZYbzRQYmVKamx3UXpFcWhabC15bnJDYTFtNXBBd1JQWU1wN1lIU2pJVC1uYnVkc2pjZ0pwMUpXZS0wc082TTk2N1Q1N3ZQUVIxYTYyNUlQZWxuSUxiYnV0MmFieXZranRyckJBZWVkcjl1a3FISVRERWNvV0N6M01kN3JJTWl2THJEeUN6eTlybGtJTzNIdDdyeDFscndDdkZ1ZGcyXzBIUFI?oc=5\" target=\"_blank\" rel=\"nofollow noopener\">Krustpunkt\u0101: Nelaimes gad\u012bjumi aktualiz\u0113 jaut\u0101jumu par elektrisko mop\u0113du dro\u0161u lieto\u0161anu<\/a>&nbsp;&nbsp;Latvijas Radio 1<\/li>\n<li><a href=\"https:\/\/news.google.com\/rss\/articles\/CBMirAFBVV95cUxNWmswX2g5c0V5ZmxPY2ZVb2llZlVnVWNaandkd3NuNXVDV1VtOUZTc3Z3QlN1Mm45WDAzVERsdlNad3l2UDFYTEY2aDZxdjdTWHBUWk16ejl5cS1zN0hiTWJ6QkU3S2dTcWM2TUtMMW55dm1rYW1HWFdid0ozSjY2MkZVTG9XaE9pVmV2TV9TTmVfbG5aS0tuRFdXMDJjaXQzTXJEZWdnaUVXaG5v?oc=5\" target=\"_blank\" rel=\"nofollow noopener\">\u201cRide\u201d v\u0113l joproj\u0101m pieejami; nepilngad\u012bgie turpina apiet lietotnes pras\u012bbas<\/a>&nbsp;&nbsp;tv3.lv<\/li>\n<\/ol>\n","protected":false},"excerpt":{"rendered":"L\u016aSIS KOMENT\u0112 \u27e9 Pien\u0101cis laiks aizliegt tos s\u016bda elektroskrejrite\u0146us, ne?&nbsp;&nbsp;TVNET P\u0101rsimt metru no tra\u0123\u0113dijas vietas Imant\u0101 atkl\u0101jas pier\u0101d\u012bjums,&hellip;\n","protected":false},"author":2,"featured_media":18881,"comment_status":"","ping_status":"","sticky":false,"template":"","format":"standard","meta":{"footnotes":""},"categories":[12],"tags":[23,28,29,119,32,33,22,30,31,35,39,38,36,37,34,239,40,20,26,27,1529,1528,238,24,25,240,21],"class_list":{"0":"post-18880","1":"post","2":"type-post","3":"status-publish","4":"format-standard","5":"has-post-thumbnail","7":"category-latvija","8":"tag-aktualitates","9":"tag-breaking-news","10":"tag-breakingnews","11":"tag-celu-satiksmes-negadijumi","12":"tag-featured-news","13":"tag-featurednews","14":"tag-headlines","15":"tag-latest-news","16":"tag-latestnews","17":"tag-latvia","18":"tag-latvian","19":"tag-latviesu","20":"tag-latviesu-valoda","21":"tag-latviesuvaloda","22":"tag-latvija","23":"tag-lusis-komente","24":"tag-lv","25":"tag-news","26":"tag-popularakas-zinas","27":"tag-popularakaszinas","28":"tag-satiksme","29":"tag-satiksmes-drosiba","30":"tag-toms-lusis","31":"tag-top-stories","32":"tag-topstories","33":"tag-tvnet-viedokli","34":"tag-zinas"},"share_on_mastodon":{"url":"","error":""},"_links":{"self":[{"href":"https:\/\/www.europesays.com\/lv\/wp-json\/wp\/v2\/posts\/18880","targetHints":{"allow":["GET"]}}],"collection":[{"href":"https:\/\/www.europesays.com\/lv\/wp-json\/wp\/v2\/posts"}],"about":[{"href":"https:\/\/www.europesays.com\/lv\/wp-json\/wp\/v2\/types\/post"}],"author":[{"embeddable":true,"href":"https:\/\/www.europesays.com\/lv\/wp-json\/wp\/v2\/users\/2"}],"replies":[{"embeddable":true,"href":"https:\/\/www.europesays.com\/lv\/wp-json\/wp\/v2\/comments?post=18880"}],"version-history":[{"count":0,"href":"https:\/\/www.europesays.com\/lv\/wp-json\/wp\/v2\/posts\/18880\/revisions"}],"wp:featuredmedia":[{"embeddable":true,"href":"https:\/\/www.europesays.com\/lv\/wp-json\/wp\/v2\/media\/18881"}],"wp:attachment":[{"href":"https:\/\/www.europesays.com\/lv\/wp-json\/wp\/v2\/media?parent=18880"}],"wp:term":[{"taxonomy":"category","embeddable":true,"href":"https:\/\/www.europesays.com\/lv\/wp-json\/wp\/v2\/categories?post=18880"},{"taxonomy":"post_tag","embeddable":true,"href":"https:\/\/www.europesays.com\/lv\/wp-json\/wp\/v2\/tags?post=18880"}],"curies":[{"name":"wp","href":"https:\/\/api.w.org\/{rel}","templated":true}]}}