{"id":188908,"date":"2026-04-27T09:29:08","date_gmt":"2026-04-27T09:29:08","guid":{"rendered":"https:\/\/www.europesays.com\/lv\/188908\/"},"modified":"2026-04-27T09:29:08","modified_gmt":"2026-04-27T09:29:08","slug":"vezenkovs-nosaukts-par-eiroligas-vertigako-speletaju","status":"publish","type":"post","link":"https:\/\/www.europesays.com\/lv\/188908\/","title":{"rendered":"Vezenkovs nosaukts par Eirol\u012bgas v\u0113rt\u012bg\u0101ko sp\u0113l\u0113t\u0101ju"},"content":{"rendered":"<p>30 gadus vecais bulg\u0101ru uzbruc\u0113js k\u013cuvis par otro Eirol\u012bgas sp\u0113l\u0113t\u0101ju, kur\u0161 MVP balvu izpeln\u012bjies divas reizes. Pirmo reizi par Eirol\u012bgas regul\u0101r\u0101 \u010dempion\u0101ta v\u0113rt\u012bg\u0101ko sp\u0113l\u0113t\u0101ju vi\u0146\u0161 tika atz\u012bts 2022.\/2023. gada sezon\u0101. Pirms vi\u0146a to 2005. un 2006. gad\u0101 divreiz ieguva <a href=\"https:\/\/sports.tvnet.lv\/term\/1050564\/entonijs-parkers\" class=\"topicLink\" target=\"_blank\" rel=\"nofollow noopener\">Entonijs P\u0101rkers<\/a>.<\/p>\n<p>\u0160osezon Vezenkovs turn\u012br\u0101 vid\u0113ji ma\u010d\u0101 ir sakr\u0101ja 19,4 punktus un 6,6 atl\u0113ku\u0161\u0101s bumbas zem groziem.<\/p>\n<p>Balsojum\u0101 par turn\u012bra v\u0113rt\u012bg\u0101ko sp\u0113l\u0113t\u0101ju piedal\u012bj\u0101s Eirol\u012bgas klubu kaptei\u0146i (35% balsu), galvenie treneri (35% balsu), mediji (20% balsu) un l\u012bdzjut\u0113ji (10% balsu). Otrais balsojum\u0101 palika Kau\u0146as &#8220;\u017dalgiris&#8221; kluba aizsargs Silv\u0113ns Fransisko, bet lab\u0101ko trijnieku nosl\u0113dza Elaid\u017ea Braients no Telavivas &#8220;Hapoel&#8221;.<\/p>\n<p>Vezenkova p\u0101rst\u0101v\u0113t\u0101 &#8220;Olympiacos&#8221; regul\u0101raj\u0101 \u010dempion\u0101t\u0101 izc\u012bn\u012bja 26 uzvaras 38 sp\u0113l\u0113s un ierindoj\u0101s pirmaj\u0101 poz\u012bcij\u0101. Izsl\u0113g\u0161anas ma\u010dos pirmaj\u0101 k\u0101rt\u0101 komanda tiksies ar &#8220;Barcelona&#8221; vai &#8220;Monaco&#8221;.<\/p>\n<p>Eirol\u012bgas simboliskaj\u0101 pieciniek\u0101 iek\u013cuva Vezenkovs, Fransisko, Braients, k\u0101 ar\u012b \u017dans Montero no &#8220;Valencia&#8221; un Nikola Milutinovs no &#8220;Olympiacos&#8221;.<\/p>\n","protected":false},"excerpt":{"rendered":"30 gadus vecais bulg\u0101ru uzbruc\u0113js k\u013cuvis par otro Eirol\u012bgas sp\u0113l\u0113t\u0101ju, kur\u0161 MVP balvu izpeln\u012bjies divas reizes. Pirmo reizi&hellip;\n","protected":false},"author":2,"featured_media":188909,"comment_status":"","ping_status":"","sticky":false,"template":"","format":"standard","meta":{"footnotes":"","_share_on_mastodon":"0"},"categories":[17],"tags":[35469,4147,35,39,38,36,37,34,40,35468,35467,67,2120],"class_list":["post-188908","post","type-post","status-publish","format-standard","has-post-thumbnail","category-sports","tag-entonijs-parkers","tag-kaunas-zalgiris","tag-latvia","tag-latvian","tag-latviesu","tag-latviesu-valoda","tag-latviesuvaloda","tag-latvija","tag-lv","tag-pirejas-olympiacos","tag-sasa-vezenkovs","tag-sports","tag-uleb-eiroliga"],"share_on_mastodon":{"url":"https:\/\/pubeurope.com\/@lv\/116475970420913463","error":""},"_links":{"self":[{"href":"https:\/\/www.europesays.com\/lv\/wp-json\/wp\/v2\/posts\/188908","targetHints":{"allow":["GET"]}}],"collection":[{"href":"https:\/\/www.europesays.com\/lv\/wp-json\/wp\/v2\/posts"}],"about":[{"href":"https:\/\/www.europesays.com\/lv\/wp-json\/wp\/v2\/types\/post"}],"author":[{"embeddable":true,"href":"https:\/\/www.europesays.com\/lv\/wp-json\/wp\/v2\/users\/2"}],"replies":[{"embeddable":true,"href":"https:\/\/www.europesays.com\/lv\/wp-json\/wp\/v2\/comments?post=188908"}],"version-history":[{"count":0,"href":"https:\/\/www.europesays.com\/lv\/wp-json\/wp\/v2\/posts\/188908\/revisions"}],"wp:featuredmedia":[{"embeddable":true,"href":"https:\/\/www.europesays.com\/lv\/wp-json\/wp\/v2\/media\/188909"}],"wp:attachment":[{"href":"https:\/\/www.europesays.com\/lv\/wp-json\/wp\/v2\/media?parent=188908"}],"wp:term":[{"taxonomy":"category","embeddable":true,"href":"https:\/\/www.europesays.com\/lv\/wp-json\/wp\/v2\/categories?post=188908"},{"taxonomy":"post_tag","embeddable":true,"href":"https:\/\/www.europesays.com\/lv\/wp-json\/wp\/v2\/tags?post=188908"}],"curies":[{"name":"wp","href":"https:\/\/api.w.org\/{rel}","templated":true}]}}