{"id":18926,"date":"2025-10-12T06:58:19","date_gmt":"2025-10-12T06:58:19","guid":{"rendered":"https:\/\/www.europesays.com\/lv\/18926\/"},"modified":"2025-10-12T06:58:19","modified_gmt":"2025-10-12T06:58:19","slug":"dziedataja-aminata-intervija-atklaj-skumju-lietu-par-savu-dzivi-video","status":"publish","type":"post","link":"https:\/\/www.europesays.com\/lv\/18926\/","title":{"rendered":"dzied\u0101t\u0101ja Aminata intervij\u0101 atkl\u0101j skumju lietu par savu dz\u012bvi (+ VIDEO)"},"content":{"rendered":"<p>        <img loading=\"lazy\" decoding=\"async\" class=\"lazy lazy-hidden size-full wp-image-211343\" src=\"data:image\/gif;base64,R0lGODlhAQABAIAAAAAAAP\/\/\/yH5BAEAAAAALAAAAAABAAEAAAIBRAA7\" data-lazy-type=\"image\" data-lazy-src=\"https:\/\/www.europesays.com\/lv\/wp-content\/uploads\/2025\/10\/Ekranuznemums-2025-10-10-124202.jpg\" alt=\"\" width=\"818\" height=\"535\" data-lazy- data-lazy-\/>Foto \u2013 Ekr\u0101nuz\u0146\u0113mums<\/p>\n<p>Popul\u0101r\u0101 un talant\u012bg\u0101 latvie\u0161u dzied\u0101t\u0101ja Aminata Savadogo \u0161odien n\u0101kusi klaj\u0101 ar lieliem jaunumiem, un, k\u0101 atz\u012bst pati, paties\u012bb\u0101 ir \u013coti satraukta, k\u0101 to uztvers cilv\u0113ki.<\/p>\n<p>Aminatai jau pavisam dr\u012bz \u2013 1. novembr\u012b koncertz\u0101l\u0113 \u201cPalladium\u201d notiks solo koncerts, kur\u0101 vi\u0146a iepaz\u012bstin\u0101s cilv\u0113kus ar daudz\u0101m jaun\u0101m dziesm\u0101m, un, protams, ar\u012b daudz iecien\u012btaj\u0101m un \u201cvecaj\u0101m\u201d dziesm\u0101m. Bi\u013cetes uz \u0161o koncertu \u201cLiela meitene\u201d var ieg\u0101d\u0101ties \u201cBi\u013ce\u0161u Serviss\u201d kas\u0113s, k\u0101 ar\u012b \u2013 internet\u0101.<\/p>\n<p>Tom\u0113r tagad vi\u0146a viesojas TV3 r\u012bta raid\u012bjum\u0101 \u201c900 sekundes\u201d, kur ir gatava atkl\u0101t savus jaunumus. \u201c\u0160oreiz ir t\u0101 san\u0101cis, es vienk\u0101r\u0161i \u013c\u0101vos iedvesmai. Visiem saviem eksperimentiem, kas man n\u0101ca pr\u0101t\u0101.<\/p>\n<p><img loading=\"lazy\" decoding=\"async\" class=\"lazy lazy-hidden size-full wp-image-211342\" src=\"data:image\/gif;base64,R0lGODlhAQABAIAAAAAAAP\/\/\/yH5BAEAAAAALAAAAAABAAEAAAIBRAA7\" data-lazy-type=\"image\" data-lazy-src=\"https:\/\/www.europesays.com\/lv\/wp-content\/uploads\/2025\/10\/Ekranuznemums-2025-10-10-124321.jpg\" alt=\"\" width=\"818\" height=\"536\" data-lazy- data-lazy-\/>Foto \u2013 Ekr\u0101nuz\u0146\u0113mums<\/p>\n<p>T\u0101p\u0113c es ar\u012b uztraucos par to, k\u0101 cilv\u0113ki to visp\u0101r uztvers. Jo tur ir da\u017eas t\u0101das lietas, kas no manis tie\u0161\u0101m ir negaid\u012bti \u2013 gan ar m\u016bziku, gan tekstiem. Un \u0161ajos tekstos es esmu \u013coti atkl\u0101ta \u2013 k\u0101 es j\u016btu, t\u0101 es rakstu,\u201d \u2013 st\u0101sta dzied\u0101t\u0101ja.<\/p>\n<p>Lasi v\u0113l:\u00a0<a style=\"color: #ff0000;\" href=\"https:\/\/dzentlmenis.lv\/kapec-patiesiba-daudzu-tautu-ticejumos-krasnas-orhidejas-neiesaka-turet-majas\/211313\/\" target=\"_blank\" rel=\"noopener nofollow\">K\u0101p\u0113c paties\u012bb\u0101 daudzu tautu tic\u0113jumos kr\u0101\u0161\u0146\u0101s orhidejas neiesaka tur\u0113t m\u0101j\u0101s<\/a><\/p>\n<p>Klaj\u0101 n\u0101kusi un pla\u0161\u0101kai auditorijai kop\u0161 \u0161odienas, 10. oktobra ir pieejama dziesma \u201cLiela meitene\u201d, kurai tapis ar\u012b videoklips. Pati dzied\u0101t\u0101ja atz\u012bst, ka tas viss ir ce\u013c\u0161, t\u0101 ir transform\u0101cija. Ce\u013c\u0161 cauri gr\u016bt\u012bb\u0101m. Videoklips ar\u012b to ataino.<\/p>\n<blockquote class=\"wp-embedded-content\" data-secret=\"RnU39wPAXJ\">\n<p><a href=\"https:\/\/dzentlmenis.lv\/tetis-noveleja-valmieras-maju-abam-masam-pusi-uz-pusi-anna-uzreiz-gribeja-to-pardot-bet-elizabete-bija-kategoriski-pret\/211477\/\" rel=\"nofollow noopener\" target=\"_blank\">T\u0113tis nov\u0113l\u0113ja Valmieras m\u0101ju ab\u0101m m\u0101s\u0101m \u2013 pusi uz pusi: Anna uzreiz grib\u0113ja to p\u0101rdot, bet Elizabete bija kategoriski pret\u2026<\/a><\/p>\n<\/blockquote>\n<p><img decoding=\"async\" src=\"data:image\/gif;base64,R0lGODlhAQABAIAAAAAAAP\/\/\/yH5BAEAAAAALAAAAAABAAEAAAIBRAA7\" class=\"lazy lazy-hidden\" data-lazy-type=\"iframe\" data-lazy-src=\"&lt;iframe loading=&quot;lazy&quot; class=&quot;wp-embedded-content&quot; sandbox=&quot;allow-scripts&quot; security=&quot;restricted&quot; style=&quot;position: absolute; visibility: hidden;&quot; title=&quot;\u201cT\u0113tis nov\u0113l\u0113ja Valmieras m\u0101ju ab\u0101m m\u0101s\u0101m \u2013 pusi uz pusi: Anna uzreiz grib\u0113ja to p\u0101rdot, bet Elizabete bija kategoriski pret\u2026\u201d \u2014 D\u017eentlmenis.lv&quot; src=&quot;https:\/\/dzentlmenis.lv\/tetis-noveleja-valmieras-maju-abam-masam-pusi-uz-pusi-anna-uzreiz-gribeja-to-pardot-bet-elizabete-bija-kategoriski-pret\/211477\/embed\/#?secret=k4htd0QsbM#?secret=RnU39wPAXJ&quot; data-secret=&quot;RnU39wPAXJ&quot; width=&quot;600&quot; height=&quot;338&quot; frameborder=&quot;0&quot; marginwidth=&quot;0&quot; marginheight=&quot;0&quot; scrolling=&quot;no&quot;&gt;&lt;\/iframe&gt;\" alt=\"\"\/><\/p>\n<p>Daudz str\u0101d\u0101ts pie da\u017e\u0101diem simboliem, ko tur ielikt un ko r\u0101d\u012bt. Klipa re\u017eisors ir Kristaps Dei\u010ds, bet producente \u2013 Elizabete \u0160ukste, kas ir ar\u012b Aminatas mened\u017eere un k\u0101 vi\u0146a pati saka \u201cmans c\u012b\u0146u biedrs\u201d.<\/p>\n<p><img loading=\"lazy\" decoding=\"async\" class=\"lazy lazy-hidden size-full wp-image-211341\" src=\"data:image\/gif;base64,R0lGODlhAQABAIAAAAAAAP\/\/\/yH5BAEAAAAALAAAAAABAAEAAAIBRAA7\" data-lazy-type=\"image\" data-lazy-src=\"https:\/\/www.europesays.com\/lv\/wp-content\/uploads\/2025\/10\/Ekranuznemums-2025-10-10-124351.jpg\" alt=\"\" width=\"818\" height=\"531\" data-lazy- data-lazy-\/>Foto \u2013 ekr\u0101nuz\u0146\u0113mums<\/p>\n<p>\u201cT\u0101s kr\u0101sas klip\u0101, t\u0101s ir manas emocijas \u2013 mana person\u012bg\u0101 saj\u016bta. Es esmu balta uz sarkan\u0101, m\u016bsu sarkan\u0101 fona. T\u0101s ir m\u016bsu karoga kr\u0101sas. Varb\u016bt nosl\u0113pt priek\u0161 sevis to jaut\u0101jumu grib\u0113ju \u2013 citi cilv\u0113ki mani neuztver k\u0101 pieder\u012bgu Latvijai, bet t\u0101 ir mana valsts! Man nav j\u0101c\u012bn\u0101s, man nevienam nekas nav j\u0101pier\u0101da \u2013 t\u0101 ir mana dzimtene! Mans grib\u0113j\u0101s \u0161o simbolu iek\u013caut,\u201d \u2013 intervij\u0101 saka Aminata.<\/p>\n<p>Aminata viesojas ar interviju raid\u012bjum\u0101 \u201c900 sekundes\u201d:<br \/><img decoding=\"async\" src=\"data:image\/gif;base64,R0lGODlhAQABAIAAAAAAAP\/\/\/yH5BAEAAAAALAAAAAABAAEAAAIBRAA7\" class=\"lazy lazy-hidden\" data-lazy-type=\"iframe\" data-lazy-src=\"&lt;iframe loading=&quot;lazy&quot; class=&quot;tv3play&quot; src=&quot;https:\/\/play.tv3.lv\/embed-video\/aminata-izdod-studijas-albumu-liela-meitene-un-muzikas-videoklipu,clip-10261910?autoplayOnHover=true&quot; width=&quot;640&quot; height=&quot;360&quot; frameborder=&quot;0&quot; scrolling=&quot;no&quot; allowfullscreen=&quot;allowfullscreen&quot;&gt;&lt;\/iframe&gt;\" alt=\"\"\/><\/p>\n<p>Aminata \u201cLiela meitene\u201d dziesmas videoklips:<br \/><img decoding=\"async\" src=\"data:image\/gif;base64,R0lGODlhAQABAIAAAAAAAP\/\/\/yH5BAEAAAAALAAAAAABAAEAAAIBRAA7\" class=\"lazy lazy-hidden\" data-lazy-type=\"iframe\" data-lazy-src=\"&lt;iframe loading=&quot;lazy&quot; title=&quot;YouTube video player&quot; src=&quot;https:\/\/www.youtube.com\/embed\/WsHRYqKIs-4?si=mCcXaHoNJ6ji9XWK&quot; width=&quot;560&quot; height=&quot;315&quot; frameborder=&quot;0&quot; allowfullscreen=&quot;allowfullscreen&quot;&gt;&lt;\/iframe&gt;\" alt=\"\"\/><\/p>\n","protected":false},"excerpt":{"rendered":"Foto \u2013 Ekr\u0101nuz\u0146\u0113mums Popul\u0101r\u0101 un talant\u012bg\u0101 latvie\u0161u dzied\u0101t\u0101ja Aminata Savadogo \u0161odien n\u0101kusi klaj\u0101 ar lieliem jaunumiem, un, k\u0101&hellip;\n","protected":false},"author":2,"featured_media":18927,"comment_status":"","ping_status":"","sticky":false,"template":"","format":"standard","meta":{"footnotes":""},"categories":[19],"tags":[6174,5782,89,90,35,39,38,6175,36,37,34,40],"class_list":{"0":"post-18926","1":"post","2":"type-post","3":"status-publish","4":"format-standard","5":"has-post-thumbnail","7":"category-izklaide","8":"tag-900-sekundes","9":"tag-aminata","10":"tag-entertainment","11":"tag-izklaide","12":"tag-latvia","13":"tag-latvian","14":"tag-latviesu","15":"tag-latviesu-dziedataja","16":"tag-latviesu-valoda","17":"tag-latviesuvaloda","18":"tag-latvija","19":"tag-lv"},"share_on_mastodon":{"url":"","error":""},"_links":{"self":[{"href":"https:\/\/www.europesays.com\/lv\/wp-json\/wp\/v2\/posts\/18926","targetHints":{"allow":["GET"]}}],"collection":[{"href":"https:\/\/www.europesays.com\/lv\/wp-json\/wp\/v2\/posts"}],"about":[{"href":"https:\/\/www.europesays.com\/lv\/wp-json\/wp\/v2\/types\/post"}],"author":[{"embeddable":true,"href":"https:\/\/www.europesays.com\/lv\/wp-json\/wp\/v2\/users\/2"}],"replies":[{"embeddable":true,"href":"https:\/\/www.europesays.com\/lv\/wp-json\/wp\/v2\/comments?post=18926"}],"version-history":[{"count":0,"href":"https:\/\/www.europesays.com\/lv\/wp-json\/wp\/v2\/posts\/18926\/revisions"}],"wp:featuredmedia":[{"embeddable":true,"href":"https:\/\/www.europesays.com\/lv\/wp-json\/wp\/v2\/media\/18927"}],"wp:attachment":[{"href":"https:\/\/www.europesays.com\/lv\/wp-json\/wp\/v2\/media?parent=18926"}],"wp:term":[{"taxonomy":"category","embeddable":true,"href":"https:\/\/www.europesays.com\/lv\/wp-json\/wp\/v2\/categories?post=18926"},{"taxonomy":"post_tag","embeddable":true,"href":"https:\/\/www.europesays.com\/lv\/wp-json\/wp\/v2\/tags?post=18926"}],"curies":[{"name":"wp","href":"https:\/\/api.w.org\/{rel}","templated":true}]}}