{"id":18961,"date":"2025-10-12T07:34:03","date_gmt":"2025-10-12T07:34:03","guid":{"rendered":"https:\/\/www.europesays.com\/lv\/18961\/"},"modified":"2025-10-12T07:34:03","modified_gmt":"2025-10-12T07:34:03","slug":"folkloras-kopa-vilkaci-svin-25-jubileju-ar-vesturisku-koncertu-sirojums-lente-lv","status":"publish","type":"post","link":"https:\/\/www.europesays.com\/lv\/18961\/","title":{"rendered":"Folkloras kopa \u201cVilka\u010di\u201d svin 25. jubileju ar v\u0113sturisku koncertu \u201cSirojums\u201d\u00a0\u2014\u00a0Lente.lv"},"content":{"rendered":"<p>Jaunumi no folkloras pasaules<\/p>\n<p>Folkloras un seno c\u012b\u0146u kopa \u201cVilka\u010di\u201d svin savu 25. jubileju ar v\u0113sturisku koncertu \u201cSirojums\u201d, kas notiks 27. septembr\u012b plkst. 19:30 Tallinas ielas kvart\u0101la koncertz\u0101l\u0113 \u201cAng\u0101rs\u201d R\u012bg\u0101. Pas\u0101kums ir bez maksas un s\u0101ksies no plkst. 19:00, pied\u0101v\u0101jot unik\u0101lu iesp\u0113ju klaus\u012bt\u0101jiem doties aizraujo\u0161\u0101 muzik\u0101l\u0101 un v\u0113sturisk\u0101 ce\u013cojum\u0101.<\/p>\n<p>Senatnes atspulgs m\u016bsdien\u0101s<\/p>\n<p>Kop\u0161 2000. gada \u201cVilka\u010di\u201d ir velt\u012bju\u0161i sevi Latvijas kult\u016brv\u0113sturisk\u0101 mantojuma izp\u0113tei un populariz\u0113\u0161anai, rekonstru\u0113jot v\u0113l\u0101 dzelzs laikmeta (9.-13. gadsimts) iedz\u012bvot\u0101ju t\u0113lu. \u0160is bija laiks, kad Latvijas zem\u0113 mita drosm\u012bgas un varenas ciltis \u2013 kur\u0161i, l\u012bvi, zemga\u013ci, latga\u013ci un s\u0113\u013ci. Kolekt\u012bva dev\u012bze \u201cAr Sauli zoben\u0101 un P\u0113rkonu sird\u012b!\u201d atspogu\u013co sen\u010du gara sp\u0113ku un c\u012b\u0146as sparu, iedvesmojot m\u016bsdienu latvie\u0161us, \u012bpa\u0161i jaunie\u0161us, sajust savas saknes un nov\u0113rt\u0113t savu unik\u0101lo identit\u0101ti globaliz\u0113taj\u0101 pasaul\u0113. \u0160obr\u012bd \u201cVilka\u010dos\u201d apvienoju\u0161ies vair\u0101k nek\u0101 20 dal\u012bbnieki \u2013 dzied\u0101t\u0101ji, c\u012bn\u012bt\u0101ji un amatnieki, kas kop\u012bgi atdz\u012bvina sen\u010du dz\u012bvesveidu, prasmes un trad\u012bcijas. Vi\u0146u darb\u012bba ir \u012bpa\u0161i noz\u012bm\u012bga, populariz\u0113jot seno baltu kult\u016bru sabiedr\u012bb\u0101, neskatoties uz 21. gadsimta multikultur\u0101lo vidi, kas nereti aizmirst par katras tautas un indiv\u012bda unik\u0101lo identit\u0101ti.<\/p>\n<p>Koncerta \u201cSirojums\u201d unikalit\u0101te<\/p>\n<p>Kopas vad\u012bt\u0101js Edgars Zilberts atkl\u0101j, ka jubilejas koncert\u0101 \u201cSirojums\u201d tiks izpild\u012btas dziesmas, kas \u201caizg\u016btas, noklaus\u012btas un pat \u201cnozaud\u0113tas\u201d no cit\u0101m folkloras kop\u0101m\u201d, radot \u012bstu \u201cfolkloras sirojumu\u201d. \u0160is koncerts pied\u0101v\u0101s unik\u0101lu iesp\u0113ju dzird\u0113t dziesmas, kuras parasti netiek izpild\u012btas uz skatuves, bet skan dal\u012bbnieku savies\u012bg\u0101 lok\u0101, piem\u0113ram, pie ugunskura. Da\u017eas dziesmu aran\u017eijas ir speci\u0101li rad\u012btas \u0161im pas\u0101kumam, iedvesmojoties no festiv\u0101la \u201cBaltica 2025\u201d pieredzes. K\u0101rlis Zilberts par koncerta ideju st\u0101sta: \u201cKoncert\u0101 izpild\u012bsim dziesmas, kuras aizg\u016btas, noklaus\u012btas un \u201cnozagtas\u201d no cit\u0101m folkloras kop\u0101m. \u201cVilka\u010dos\u201d m\u0113s rekonstru\u0113jam sen\u0101 Latvijas iedz\u012bvot\u0101ja t\u0113lu v\u0113l\u0101 dzelzs laikmeta period\u0101. \u0160aj\u0101 laik\u0101 kur\u0161u tauta bija izslav\u0113ti j\u016bras brauc\u0113ji un viena no vi\u0146u pamata nodarb\u0113m bija do\u0161an\u0101s sirojumos uz aizj\u016bras valst\u012bm. \u0160aj\u0101 period\u0101 t\u0101 bija tikpat parasta nodarbo\u0161an\u0101s k\u0101 med\u012bbas vai kal\u0113ja amats.\u201d \u0160is pas\u0101kums ir k\u0101 atgrie\u0161an\u0101s pie sen\u010du trad\u012bcij\u0101m, kur m\u016bzika un st\u0101sti savijas vien\u0101, sniedzot ne tikai muzik\u0101lu baud\u012bjumu, bet ar\u012b dzi\u013cu v\u0113sturisku ieskatu.<\/p>\n<p>\u201cVilka\u010du\u201d rado\u0161ais ce\u013c\u0161 un sasniegumi<\/p>\n<p>Folkloras un seno c\u012b\u0146u kopa \u201cVilka\u010di\u201d ir R\u012bgas valstspils\u0113tas pa\u0161vald\u012bbas kult\u016bras un tautas m\u0101kslas centra \u201cRitums\u201d kolekt\u012bvs. 25 gadu laik\u0101 vi\u0146i akt\u012bvi populariz\u0113ju\u0161i sen\u0101 karav\u012bra dz\u012bvesveidu un amatniec\u012bbu, piedaloties da\u017e\u0101dos pas\u0101kumos, koncertos un festiv\u0101los. Kolekt\u012bvs ir izdevis savus studijas albumus, tostarp ceturto albumu \u201c\u0136ezbier\u0113s\u201d, kas tapis 2024. gad\u0101. Albums \u201c\u0136ezbier\u0113s\u201d at\u0161\u0137iras no ierast\u0101 repertu\u0101ra, jo taj\u0101 apkopotas dziesmas par pui\u0161u un meite\u0146u attiec\u012bb\u0101m, iedvesmojoties no \u0137ir\u0161u ziediem un to ko\u0161\u0101s kr\u0101sas, kas Dienvidkurzem\u0113 saist\u012bta ar\u012b ar skaist\u0101m meiten\u0113m. K\u0101 st\u0101sta \u201cVilka\u010du\u201d vad\u012bt\u0101js Edgars Zilberts, da\u013ca klaus\u012bt\u0101ju dod priek\u0161roku atsper\u012bg\u0101k\u0101m dziesm\u0101m ar priec\u012bg\u0101ku melodiju, ta\u010du vi\u0146iem pa\u0161iem vair\u0101k piem\u012bt \u201csalds\u0113r\u012bgas\u201d dziesmas, kur\u0101s ir sentiments un melanholija. Vi\u0146\u0161 ar\u012b uzsver, cik svar\u012bgi ir str\u0101d\u0101t pie tautasdziesmu j\u0113gas izpratnes, \u012bpa\u0161i jaunajai paaudzei, un k\u0101 izgl\u012bt\u012bbas sist\u0113mai un \u0123imen\u0113m b\u016btu j\u0101veicina b\u0113rnu izpratne par latvie\u0161u valodas bag\u0101t\u012bbu un tautasdziesmu noz\u012bmi.<\/p>\n","protected":false},"excerpt":{"rendered":"Jaunumi no folkloras pasaules Folkloras un seno c\u012b\u0146u kopa \u201cVilka\u010di\u201d svin savu 25. jubileju ar v\u0113sturisku koncertu \u201cSirojums\u201d,&hellip;\n","protected":false},"author":2,"featured_media":18962,"comment_status":"","ping_status":"","sticky":false,"template":"","format":"standard","meta":{"footnotes":""},"categories":[19],"tags":[89,90,193,35,39,38,6180,36,37,34,40,327,6179,326],"class_list":{"0":"post-18961","1":"post","2":"type-post","3":"status-publish","4":"format-standard","5":"has-post-thumbnail","7":"category-izklaide","8":"tag-entertainment","9":"tag-izklaide","10":"tag-jubilejas-koncerts","11":"tag-latvia","12":"tag-latvian","13":"tag-latviesu","14":"tag-latviesu-folklora","15":"tag-latviesu-valoda","16":"tag-latviesuvaloda","17":"tag-latvija","18":"tag-lv","19":"tag-sirojums","20":"tag-vela-dzelzs-laikmeta-rekonstrukcija","21":"tag-vilkaci"},"share_on_mastodon":{"url":"","error":""},"_links":{"self":[{"href":"https:\/\/www.europesays.com\/lv\/wp-json\/wp\/v2\/posts\/18961","targetHints":{"allow":["GET"]}}],"collection":[{"href":"https:\/\/www.europesays.com\/lv\/wp-json\/wp\/v2\/posts"}],"about":[{"href":"https:\/\/www.europesays.com\/lv\/wp-json\/wp\/v2\/types\/post"}],"author":[{"embeddable":true,"href":"https:\/\/www.europesays.com\/lv\/wp-json\/wp\/v2\/users\/2"}],"replies":[{"embeddable":true,"href":"https:\/\/www.europesays.com\/lv\/wp-json\/wp\/v2\/comments?post=18961"}],"version-history":[{"count":0,"href":"https:\/\/www.europesays.com\/lv\/wp-json\/wp\/v2\/posts\/18961\/revisions"}],"wp:featuredmedia":[{"embeddable":true,"href":"https:\/\/www.europesays.com\/lv\/wp-json\/wp\/v2\/media\/18962"}],"wp:attachment":[{"href":"https:\/\/www.europesays.com\/lv\/wp-json\/wp\/v2\/media?parent=18961"}],"wp:term":[{"taxonomy":"category","embeddable":true,"href":"https:\/\/www.europesays.com\/lv\/wp-json\/wp\/v2\/categories?post=18961"},{"taxonomy":"post_tag","embeddable":true,"href":"https:\/\/www.europesays.com\/lv\/wp-json\/wp\/v2\/tags?post=18961"}],"curies":[{"name":"wp","href":"https:\/\/api.w.org\/{rel}","templated":true}]}}