{"id":189626,"date":"2026-04-28T05:58:08","date_gmt":"2026-04-28T05:58:08","guid":{"rendered":"https:\/\/www.europesays.com\/lv\/189626\/"},"modified":"2026-04-28T05:58:08","modified_gmt":"2026-04-28T05:58:08","slug":"ukrainas-arlietu-ministrija-izsauc-izraelas-vestnieku-saistiba-ar-zagto-graudu-kugi","status":"publish","type":"post","link":"https:\/\/www.europesays.com\/lv\/189626\/","title":{"rendered":"Ukrainas \u0100rlietu ministrija izsauc Izra\u0113las v\u0113stnieku saist\u012bb\u0101 ar zagto graudu ku\u0123i"},"content":{"rendered":"<p>Ku\u0123is &#8220;Panormitis&#8221;, kas re\u0123istr\u0113ts Panam\u0101, transport\u0113 graudus no Krievijas okup\u0113taj\u0101m Ukrainas teritorij\u0101m, v\u0113sta amerik\u0101\u0146u t\u012bmek\u013ca medijs &#8220;Axios&#8221;. Ukraina uzskata tos par zagtiem graudiem.<\/p>\n<p>Apr\u012b\u013ca vid\u016b ku\u0123is &#8220;Abinsk&#8221; ierad\u0101s Haif\u0101 ar t\u0101das pa\u0161as izcelsmes lab\u012bbu. Ukraina protest\u0113ja un piepras\u012bja ku\u0123i aiztur\u0113t, ta\u010du Izra\u0113las varasiest\u0101des nerea\u0123\u0113ja.<\/p>\n<p>&#8220;Ir gr\u016bti saprast, k\u0101p\u0113c <a href=\"https:\/\/www.tvnet.lv\/term\/555449\/izraela\" class=\"topicLink\" target=\"_blank\" rel=\"nofollow noopener\">Izra\u0113la<\/a> pien\u0101c\u012bgi nerea\u0123\u0113ja uz Ukrainas likum\u012bgo protestu par iepriek\u0161\u0113jo ku\u0123i, kas Haif\u0101 nog\u0101d\u0101ja zagtas preces,&#8221; nor\u0101d\u012bja Sibiha.<\/p>\n","protected":false},"excerpt":{"rendered":"Ku\u0123is &#8220;Panormitis&#8221;, kas re\u0123istr\u0113ts Panam\u0101, transport\u0113 graudus no Krievijas okup\u0113taj\u0101m Ukrainas teritorij\u0101m, v\u0113sta amerik\u0101\u0146u t\u012bmek\u013ca medijs &#8220;Axios&#8221;. Ukraina&hellip;\n","protected":false},"author":2,"featured_media":189627,"comment_status":"","ping_status":"","sticky":false,"template":"","format":"standard","meta":{"footnotes":"","_share_on_mastodon":"0"},"categories":[14],"tags":[23,57,28,29,32,33,35549,22,493,74,30,31,35,39,38,36,37,34,40,20,26,27,24,25,54,55,56,21,58],"class_list":["post-189626","post","type-post","status-publish","format-standard","has-post-thumbnail","category-zinas-no-arvalstim","tag-aktualitates","tag-arvalstim","tag-breaking-news","tag-breakingnews","tag-featured-news","tag-featurednews","tag-graudi","tag-headlines","tag-izraela","tag-krievijas-iebrukums-ukraina","tag-latest-news","tag-latestnews","tag-latvia","tag-latvian","tag-latviesu","tag-latviesu-valoda","tag-latviesuvaloda","tag-latvija","tag-lv","tag-news","tag-popularakas-zinas","tag-popularakaszinas","tag-top-stories","tag-topstories","tag-world","tag-world-news","tag-worldnews","tag-zinas","tag-zinas-no-arvalstim"],"share_on_mastodon":{"url":"https:\/\/pubeurope.com\/@lv\/116480803242286281","error":""},"_links":{"self":[{"href":"https:\/\/www.europesays.com\/lv\/wp-json\/wp\/v2\/posts\/189626","targetHints":{"allow":["GET"]}}],"collection":[{"href":"https:\/\/www.europesays.com\/lv\/wp-json\/wp\/v2\/posts"}],"about":[{"href":"https:\/\/www.europesays.com\/lv\/wp-json\/wp\/v2\/types\/post"}],"author":[{"embeddable":true,"href":"https:\/\/www.europesays.com\/lv\/wp-json\/wp\/v2\/users\/2"}],"replies":[{"embeddable":true,"href":"https:\/\/www.europesays.com\/lv\/wp-json\/wp\/v2\/comments?post=189626"}],"version-history":[{"count":0,"href":"https:\/\/www.europesays.com\/lv\/wp-json\/wp\/v2\/posts\/189626\/revisions"}],"wp:featuredmedia":[{"embeddable":true,"href":"https:\/\/www.europesays.com\/lv\/wp-json\/wp\/v2\/media\/189627"}],"wp:attachment":[{"href":"https:\/\/www.europesays.com\/lv\/wp-json\/wp\/v2\/media?parent=189626"}],"wp:term":[{"taxonomy":"category","embeddable":true,"href":"https:\/\/www.europesays.com\/lv\/wp-json\/wp\/v2\/categories?post=189626"},{"taxonomy":"post_tag","embeddable":true,"href":"https:\/\/www.europesays.com\/lv\/wp-json\/wp\/v2\/tags?post=189626"}],"curies":[{"name":"wp","href":"https:\/\/api.w.org\/{rel}","templated":true}]}}