{"id":190234,"date":"2026-04-28T19:43:09","date_gmt":"2026-04-28T19:43:09","guid":{"rendered":"https:\/\/www.europesays.com\/lv\/190234\/"},"modified":"2026-04-28T19:43:09","modified_gmt":"2026-04-28T19:43:09","slug":"afd-parsvars-par-cdu-csu-sasniedz-jaunus-augstumus","status":"publish","type":"post","link":"https:\/\/www.europesays.com\/lv\/190234\/","title":{"rendered":"AfD p\u0101rsvars p\u0101r CDU\/CSU sasniedz jaunus augstumus"},"content":{"rendered":"<p>V\u0101cijas sabiedr\u012bb\u0101 pieaugot neapmierin\u0101t\u012bbai ar Merca koal\u012bcijas vald\u012bbu un vairojoties ba\u017e\u0101m par infl\u0101ciju Ir\u0101nas kara d\u0113\u013c, p\u0113d\u0113jo ned\u0113\u013cu laik\u0101 atbalsts <a href=\"https:\/\/www.apollo.lv\/term\/553339\/afd\" class=\"topicLink\" target=\"_blank\" rel=\"nofollow noopener\">AfD<\/a> palielin\u0101jies.<\/p>\n<p>AfD ir liel\u0101k\u0101 opoz\u012bcijas partija, un Bundest\u0101ga v\u0113l\u0113\u0161an\u0101s p\u0113rn t\u0101 ierindoj\u0101s otraj\u0101 viet\u0101.<\/p>\n<p>Sal\u012bdzinot ar iepriek\u0161\u0113jo ned\u0113\u013cu, &#8220;Forsa&#8221; aptauj\u0101 atbalsts AfD pieaudzis par vienu procentpunktu l\u012bdz 27%, l\u012bdz ar to sasniedzot pag\u0101ju\u0161\u0101 gada rekordu.<\/p>\n<p>Atbalsts CDU\/CSU sarucis par diviem procentpunktiem l\u012bdz 22%.<\/p>\n<blockquote class=\"quote ck-widget\" contenteditable=\"false\">\n<p>Apmierin\u0101t\u012bba ar Merca darbu sasniegusi jaunu zem\u0101ko l\u012bmeni &#8211; tikai 15% respondentu ir apmierin\u0101ti ar kanclera darbu, kas ir par trim procentpunktiem maz\u0101k nek\u0101 pag\u0101ju\u0161aj\u0101 ned\u0113\u013c\u0101.<\/p>\n<\/blockquote>\n<p>83% nor\u0101d\u012bja, ka nav apmierin\u0101ti ar Merca darbu.<\/p>\n<p>Atbalsts Merca koal\u012bcijas partneriem soci\u0101ldemokr\u0101tiem (SPD) saglab\u0101jies 12% l\u012bmen\u012b, kam\u0113r atbalsts kreiso radik\u0101\u013cu partijai &#8220;Die Linke&#8221; (&#8220;Kreisie&#8221;) pieaudzis par vienu procentpunktu un ar\u012b ir 12%.<\/p>\n<p>Opoz\u012bcij\u0101 eso\u0161ie za\u013cie ir tre\u0161aj\u0101 viet\u0101 ar 15%, konstat\u0113ts &#8220;Forsa&#8221; aptauj\u0101, kas veikta p\u0113c raidsabiedr\u012bbas RTL pas\u016bt\u012bjuma.<\/p>\n<p>Aptaujas gait\u0101 no 21. l\u012bdz 27. apr\u012blim iztauj\u0101ti 2503 v\u0113l\u0113t\u0101ji.<\/p>\n<p>Ar\u012b cit\u0101s aptauj\u0101s v\u0113rojams atbalsta pieaugums AfD.<\/p>\n<p>Instit\u016bta INSA aptauj\u0101, kas public\u0113ta sestdien, AfD konstat\u0113ts 28% atbalsts.<\/p>\n","protected":false},"excerpt":{"rendered":"V\u0101cijas sabiedr\u012bb\u0101 pieaugot neapmierin\u0101t\u012bbai ar Merca koal\u012bcijas vald\u012bbu un vairojoties ba\u017e\u0101m par infl\u0101ciju Ir\u0101nas kara d\u0113\u013c, p\u0113d\u0113jo ned\u0113\u013cu&hellip;\n","protected":false},"author":2,"featured_media":190235,"comment_status":"","ping_status":"","sticky":false,"template":"","format":"standard","meta":{"footnotes":"","_share_on_mastodon":"0"},"categories":[14],"tags":[34089,23,57,28,29,32,33,22,30,31,35,39,38,36,37,34,40,20,26,27,24,25,299,54,55,56,21,58],"class_list":["post-190234","post","type-post","status-publish","format-standard","has-post-thumbnail","category-zinas-no-arvalstim","tag-afd","tag-aktualitates","tag-arvalstim","tag-breaking-news","tag-breakingnews","tag-featured-news","tag-featurednews","tag-headlines","tag-latest-news","tag-latestnews","tag-latvia","tag-latvian","tag-latviesu","tag-latviesu-valoda","tag-latviesuvaloda","tag-latvija","tag-lv","tag-news","tag-popularakas-zinas","tag-popularakaszinas","tag-top-stories","tag-topstories","tag-vacija","tag-world","tag-world-news","tag-worldnews","tag-zinas","tag-zinas-no-arvalstim"],"share_on_mastodon":{"url":"https:\/\/pubeurope.com\/@lv\/116484047018841504","error":""},"_links":{"self":[{"href":"https:\/\/www.europesays.com\/lv\/wp-json\/wp\/v2\/posts\/190234","targetHints":{"allow":["GET"]}}],"collection":[{"href":"https:\/\/www.europesays.com\/lv\/wp-json\/wp\/v2\/posts"}],"about":[{"href":"https:\/\/www.europesays.com\/lv\/wp-json\/wp\/v2\/types\/post"}],"author":[{"embeddable":true,"href":"https:\/\/www.europesays.com\/lv\/wp-json\/wp\/v2\/users\/2"}],"replies":[{"embeddable":true,"href":"https:\/\/www.europesays.com\/lv\/wp-json\/wp\/v2\/comments?post=190234"}],"version-history":[{"count":0,"href":"https:\/\/www.europesays.com\/lv\/wp-json\/wp\/v2\/posts\/190234\/revisions"}],"wp:featuredmedia":[{"embeddable":true,"href":"https:\/\/www.europesays.com\/lv\/wp-json\/wp\/v2\/media\/190235"}],"wp:attachment":[{"href":"https:\/\/www.europesays.com\/lv\/wp-json\/wp\/v2\/media?parent=190234"}],"wp:term":[{"taxonomy":"category","embeddable":true,"href":"https:\/\/www.europesays.com\/lv\/wp-json\/wp\/v2\/categories?post=190234"},{"taxonomy":"post_tag","embeddable":true,"href":"https:\/\/www.europesays.com\/lv\/wp-json\/wp\/v2\/tags?post=190234"}],"curies":[{"name":"wp","href":"https:\/\/api.w.org\/{rel}","templated":true}]}}