{"id":19032,"date":"2025-10-12T09:31:07","date_gmt":"2025-10-12T09:31:07","guid":{"rendered":"https:\/\/www.europesays.com\/lv\/19032\/"},"modified":"2025-10-12T09:31:07","modified_gmt":"2025-10-12T09:31:07","slug":"drosiba-gimenes-un-izglitiba-galvenie-virzieni-lente-lv","status":"publish","type":"post","link":"https:\/\/www.europesays.com\/lv\/19032\/","title":{"rendered":"Dro\u0161\u012bba, \u0123imenes un izgl\u012bt\u012bba galvenie virzieni\u00a0\u2014\u00a0Lente.lv"},"content":{"rendered":"<p>Vald\u012bba lemj par bud\u017eeta priorit\u0101t\u0113m 2026.-2028. gadam: Dro\u0161\u012bba, \u0123imenes un izgl\u012bt\u012bba galvenie virzieni<\/p>\n<p>\u0160odien, 2025. gada 13. oktobr\u012b, notiek steidzama vald\u012bbas s\u0113de, lai lemtu par valsts bud\u017eeta priorit\u0101rajiem pas\u0101kumiem turpmz\u0113jiem trim gadiem \u2013 2026., 2027. un 2028. gadu. Finan\u0161u ministrijas (FM) sagatavotaj\u0101 informat\u012bvaj\u0101 zi\u0146ojum\u0101 izkl\u0101st\u012bti galvenie virzieni, kas prasa papildu finans\u0113jumu, galvenok\u0101rt koncentr\u0113joties uz valsts dro\u0161\u012bbas stiprin\u0101\u0161anu, atbalstu \u0123imen\u0113m ar b\u0113rniem un izgl\u012bt\u012bbas kvalit\u0101tes uzlabo\u0161anu. \u0160iem svar\u012bgajiem sektoriem kopum\u0101 paredz\u0113ts papildu finans\u0113jums 565,5 miljonu eiro apm\u0113r\u0101. \u0160\u012b summa tiks nodro\u0161in\u0101ta, optimiz\u0113jot valsts bud\u017eeta izdevumus, kas vid\u0113j\u0101 termi\u0146\u0101 l\u012bdz 2028. gadam sasniegs iespaid\u012bgu 814,1 miljonu eiro samazin\u0101jumu.<\/p>\n<p>Dro\u0161\u012bbai \u2013 iespaid\u012bgs finans\u0113juma pieaugums<\/p>\n<p>Lai stiprin\u0101tu valsts aizsardz\u012bbas sp\u0113jas un iek\u0161\u0113jo dro\u0161\u012bbu, 2026. gad\u0101 pl\u0101nots novirz\u012bt iev\u0113rojamu da\u013cu no papildu l\u012bdzek\u013ciem \u2013 320,3 miljonus eiro. \u0160\u012b summa ir iev\u0113rojami liel\u0101ka nek\u0101 iepriek\u0161\u0113jos gados, un t\u0101 tiks invest\u0113ta gan milit\u0101ro sp\u0113ju uzlabo\u0161an\u0101, gan citos dro\u0161\u012bbas aspektos. Valsts iz\u0146\u0113muma klauzulas piem\u0113ro\u0161ana \u013caus nodro\u0161in\u0101t papildu 296 miljonus eiro Aizsardz\u012bbas ministrijai kaujas sp\u0113ju stiprin\u0101\u0161anai, tostarp kop\u012bgiem starptautiskiem aizsardz\u012bbas pre\u010du iepirkumiem. Tiek prognoz\u0113ts, ka aizsardz\u012bbas izdevumi sasniegs 4,6% no IKP 2026. gad\u0101, 4,9% 2027. gad\u0101 un 4,7% 2028. gad\u0101. \u0160ie invest\u012bciju l\u012bme\u0146i ir nepiecie\u0161ami, lai efekt\u012bvi rea\u0123\u0113tu uz \u0101r\u0113jiem draudiem un nodro\u0161in\u0101tu iedz\u012bvot\u0101ju dro\u0161\u012bbu. Turkl\u0101t tr\u012bs miljoni eiro tiks novirz\u012bti Iek\u0161lietu ministrijai, lai stiprin\u0101tu dro\u0161\u012bbu pierobe\u017eas pa\u0161vald\u012bb\u0101s, uzlabojot infrastrukt\u016bru un sp\u0113ju rea\u0123\u0113t uz iesp\u0113jam\u0101m kr\u012bz\u0113m.<\/p>\n<p>Atbalsts \u0123imen\u0113m un izgl\u012bt\u012bbas att\u012bst\u012bba: Ilgtermi\u0146a invest\u012bcijas n\u0101kotn\u0113<\/p>\n<p>B\u016btiska uzman\u012bba tiek piev\u0113rsta ar\u012b atbalstam \u0123imen\u0113m ar b\u0113rniem un izgl\u012bt\u012bbas kvalit\u0101tes cel\u0161anai. Izgl\u012bt\u012bbas jom\u0101 pl\u0101nots pie\u0161\u0137irt 45 miljonus eiro, kas tiks izmantoti gan finans\u0113\u0161anas mode\u013ca &#8220;Programma skol\u0101&#8221; ievie\u0161anai no 2026. gada septembra, gan atbalsta person\u0101la skaita palielin\u0101\u0161anai skol\u0101s. Lai nodro\u0161in\u0101tu vienm\u0113r\u012bgu p\u0101reju uz jauno modeli, paredz\u0113ts vienu m\u0101c\u012bbu gadu ilgs p\u0101rejas periods. Atbalsts \u0123imen\u0113m ar b\u0113rniem paredz papildu finans\u0113jumu 94,8 miljonu eiro apm\u0113r\u0101 2026. gad\u0101. Tas ietver materi\u0101l\u0101 atbalsta pilnveido\u0161anu, vec\u0101ku pabalsta saglab\u0101\u0161anu 75% apm\u0113r\u0101 str\u0101d\u0101jo\u0161iem vec\u0101kiem un m\u0101tes un b\u0113rna vesel\u012bbas uzlabo\u0161anu. T\u0101l\u0101kie gadi paredz turpin\u0101t \u0161os atbalsta pas\u0101kumus, 2027. gad\u0101 novirzot 88 miljonus eiro un 2028. gad\u0101 \u2013 107 miljonus eiro.<\/p>\n<p>Citas svar\u012bgas priorit\u0101tes un ie\u0146\u0113mumu palielin\u0101\u0161ana<\/p>\n<p>Papildus galvenaj\u0101m priorit\u0101t\u0113m, v\u0113l 105,4 miljoni eiro tiks novirz\u012bti citiem pas\u0101kumiem, tostarp paliat\u012bv\u0101s apr\u016bpes nodro\u0161in\u0101\u0161anai (10 miljoni eiro) un soci\u0101l\u0101s rehabilit\u0101cijas pakalpojumiem (3,2 miljoni eiro). Paredz\u0113ts ar\u012b palielin\u0101t da\u017e\u0101da veida atbalstu str\u0101d\u0101jo\u0161ajiem un soci\u0101li maz\u0101k aizsarg\u0101taj\u0101m grup\u0101m. Piem\u0113ram, neapliekamais minimums pieaugs no 510 l\u012bdz 550 eiro m\u0113nes\u012b, bet minim\u0101l\u0101 alga no 740 l\u012bdz 780 eiro m\u0113nes\u012b. Pensijas tiks indeks\u0113tas l\u012bdz 1488 eiro no 2025. gada oktobra, nodro\u0161inot, ka 98% pension\u0101ru sa\u0146em pilnu pensijas summu. Lai nodro\u0161in\u0101tu nepiecie\u0161amo finans\u0113jumu, vald\u012bba pl\u0101no ne tikai samazin\u0101t izdevumus, bet ar\u012b palielin\u0101t valsts bud\u017eeta ie\u0146\u0113mumus. B\u016btisk\u0101kie pas\u0101kumi ietver valsts kapit\u0101lsabiedr\u012bbu dividendes, azartsp\u0113\u013cu nodok\u013ca likmju paaugstin\u0101\u0161anu, k\u0101 ar\u012b akc\u012bzes nodok\u013ca pieaugumu alkoholam un tabakai. Pl\u0101notie papildu ie\u0146\u0113mumi no \u0161iem pas\u0101kumiem ir 65,3 miljoni eiro 2026. gad\u0101, 108,9 miljoni eiro 2027. gad\u0101 un 136,8 miljoni eiro 2028. gad\u0101. Tiks izskat\u012bts ar\u012b pievienot\u0101s v\u0113rt\u012bbas nodok\u013ca (PVN) likmes samazin\u0101jums maizei, pienam, ol\u0101m un svaigai m\u0101jputnu ga\u013cai k\u0101 pilotprojekts no n\u0101kam\u0101 gada j\u016blija.<\/p>\n<p>Bud\u017eeta projekta virz\u012bba un termi\u0146i<\/p>\n<p>Valsts bud\u017eeta projekts 2026. gadam jau tiek izskat\u012bts Nacion\u0101l\u0101s tr\u012bspus\u0113j\u0101s sadarb\u012bbas padomes s\u0113d\u0113. Ministru kabinet\u0101 pl\u0101nots to apstiprin\u0101t 2025. gada 14. oktobr\u012b, savuk\u0101rt Saeim\u0101 likumprojektu pakete tiks iesniegta 15. oktobr\u012b. \u0160ie datumi nor\u0101da uz steidz\u012bgu procesu, lai nodro\u0161in\u0101tu valsts finan\u0161u stabilit\u0101ti un att\u012bst\u012bbu n\u0101kamajos gados.<\/p>\n","protected":false},"excerpt":{"rendered":"Vald\u012bba lemj par bud\u017eeta priorit\u0101t\u0113m 2026.-2028. gadam: Dro\u0161\u012bba, \u0123imenes un izgl\u012bt\u012bba galvenie virzieni \u0160odien, 2025. gada 13. oktobr\u012b,&hellip;\n","protected":false},"author":2,"featured_media":19033,"comment_status":"","ping_status":"","sticky":false,"template":"","format":"standard","meta":{"footnotes":""},"categories":[5],"tags":[23,2765,28,29,354,334,32,33,22,336,30,31,35,39,38,36,37,34,40,20,26,27,24,25,331,21],"class_list":{"0":"post-19032","1":"post","2":"type-post","3":"status-publish","4":"format-standard","5":"has-post-thumbnail","7":"category-aktualitates","8":"tag-aktualitates","9":"tag-atbalsts-gimenem","10":"tag-breaking-news","11":"tag-breakingnews","12":"tag-budzeta-prioritates","13":"tag-drosiba","14":"tag-featured-news","15":"tag-featurednews","16":"tag-headlines","17":"tag-izglitiba","18":"tag-latest-news","19":"tag-latestnews","20":"tag-latvia","21":"tag-latvian","22":"tag-latviesu","23":"tag-latviesu-valoda","24":"tag-latviesuvaloda","25":"tag-latvija","26":"tag-lv","27":"tag-news","28":"tag-popularakas-zinas","29":"tag-popularakaszinas","30":"tag-top-stories","31":"tag-topstories","32":"tag-valsts-budzets","33":"tag-zinas"},"share_on_mastodon":{"url":"","error":""},"_links":{"self":[{"href":"https:\/\/www.europesays.com\/lv\/wp-json\/wp\/v2\/posts\/19032","targetHints":{"allow":["GET"]}}],"collection":[{"href":"https:\/\/www.europesays.com\/lv\/wp-json\/wp\/v2\/posts"}],"about":[{"href":"https:\/\/www.europesays.com\/lv\/wp-json\/wp\/v2\/types\/post"}],"author":[{"embeddable":true,"href":"https:\/\/www.europesays.com\/lv\/wp-json\/wp\/v2\/users\/2"}],"replies":[{"embeddable":true,"href":"https:\/\/www.europesays.com\/lv\/wp-json\/wp\/v2\/comments?post=19032"}],"version-history":[{"count":0,"href":"https:\/\/www.europesays.com\/lv\/wp-json\/wp\/v2\/posts\/19032\/revisions"}],"wp:featuredmedia":[{"embeddable":true,"href":"https:\/\/www.europesays.com\/lv\/wp-json\/wp\/v2\/media\/19033"}],"wp:attachment":[{"href":"https:\/\/www.europesays.com\/lv\/wp-json\/wp\/v2\/media?parent=19032"}],"wp:term":[{"taxonomy":"category","embeddable":true,"href":"https:\/\/www.europesays.com\/lv\/wp-json\/wp\/v2\/categories?post=19032"},{"taxonomy":"post_tag","embeddable":true,"href":"https:\/\/www.europesays.com\/lv\/wp-json\/wp\/v2\/tags?post=19032"}],"curies":[{"name":"wp","href":"https:\/\/api.w.org\/{rel}","templated":true}]}}