{"id":19042,"date":"2025-10-12T09:56:14","date_gmt":"2025-10-12T09:56:14","guid":{"rendered":"https:\/\/www.europesays.com\/lv\/19042\/"},"modified":"2025-10-12T09:56:14","modified_gmt":"2025-10-12T09:56:14","slug":"atklajiet-muzikalus-piedzivojumus-latvija-saja-oktobri-lente-lv","status":"publish","type":"post","link":"https:\/\/www.europesays.com\/lv\/19042\/","title":{"rendered":"Atkl\u0101jiet muzik\u0101lus piedz\u012bvojumus Latvij\u0101 \u0161aj\u0101 oktobr\u012b\u00a0\u2014\u00a0Lente.lv"},"content":{"rendered":"<p>Rudens melodijas Latvij\u0101: Iepaz\u012bsti gaid\u0101mos koncertus un sv\u0113tkus<\/p>\n<p>Rudens, oktobra vidus Latvij\u0101 ir ne tikai kr\u0101\u0161\u0146u dabas skatu laiks, bet ar\u012b bag\u0101t\u012bgs kult\u016bras notikumu pied\u0101v\u0101jums. Ja mekl\u0113jat veidu, k\u0101 apvienot dabas baud\u012b\u0161anu ar kvalitat\u012bvu atp\u016btu, koncerti var\u0113tu b\u016bt lieliska izv\u0113le. \u0160\u012b ned\u0113\u013cas nogale un n\u0101kam\u0101s dienas pied\u0101v\u0101 daudzveid\u012bgu m\u016bzikas baud\u012bjumu gan klasisk\u0101s m\u016bzikas cien\u012bt\u0101jiem, gan d\u017eeza un pat rokm\u016bzikas piekrit\u0113jiem.<\/p>\n<p>M\u016bzikas daudzveid\u012bba \u0161aj\u0101 oktobra vid\u016b<\/p>\n<p>Jau \u0161o sestdien, 11. oktobr\u012b, R\u012bgas Doms aicina uz Latvie\u0161u m\u016bzikas festiv\u0101lu \u201cLatvijas rudens 2025\u201d, kur apvien\u012bba \u201cD\u017eezbaroks\u201d pied\u0101v\u0101s unik\u0101lu baroka un d\u017eeza sasp\u0113li. \u0160is festiv\u0101ls izce\u013cas ar kamerm\u016bzikas smalkumu un m\u016bsdienu latvie\u0161u pirmatskl\u0113jumiem, solot intri\u0123\u0113jo\u0161as un harmoniskas koncertprogrammas. Festiv\u0101ls p\u0113ta savstarp\u0113jo sakaru starp pag\u0101tni un tagadni, atbalsojot gan baroka eleganci, gan d\u017eeza spontanit\u0101ti. Programmu papildin\u0101s J\u0101\u0146a Rubika jaunais jaundarbs \u201cSpirit of Jazzbaroque: Crossing fields\u201d, kas pie\u0161\u0137irs unik\u0101lu skan\u0113jumu.<\/p>\n<p>Savuk\u0101rt starptautiskais \u0113r\u0123e\u013cm\u016bzikas festiv\u0101ls \u201cORGANismi\u201d, kas norisin\u0101sies no 10. l\u012bdz 17. oktobrim Latgales v\u0113stniec\u012bb\u0101 \u201cGors\u201d R\u0113zekn\u0113, svin savu desmitgadi. Festiv\u0101lu atkl\u0101s Iveta Apkalna kop\u0101 ar aktieri Kasparu Znoti\u0146u ar programmu \u201cApkalna. Fausts. Znoti\u0146\u0161.\u201d, pied\u0101v\u0101jot muzik\u0101lu un filozofisku ce\u013cojumu, kur\u0101 \u0113r\u0123eles un v\u0101rds sav\u012bsies vienot\u0101 st\u0101st\u0101. Festiv\u0101ls izce\u013cas ar drosm\u012bg\u0101m idej\u0101m un da\u017e\u0101du m\u0101kslas formu sadarb\u012bbu.<\/p>\n<p>11. oktobr\u012b plkst. 16:00 Karostas kamerz\u0101l\u0113 Liep\u0101j\u0101 notiks koncerts \u201cDz\u012bvo l\u012bniju dialogi\u201d, kur\u0101 Liep\u0101jas Simfonisk\u0101 or\u0137estra m\u016bzi\u0137i \u2013 arfiste D\u0101rta Tisenkopfa-Muselli un flautists Reinis Lapa \u2013 iepaz\u012bstin\u0101s ar 19. un 20. gadsimtu mijas fran\u010du m\u016bziku.<\/p>\n<p>Ulbrokas kult\u016bras centr\u0101 \u201cUlbrokas P\u0113rle\u201d 12. oktobr\u012b pirmizr\u0101di piedz\u012bvos Imanta Kalni\u0146a dziesmu st\u0101sts \u201cVi\u0146i dejoja vienu vasaru\u201d. Re\u017eisore R\u0113zija Kalni\u0146a vad\u012bb\u0101 \u0161is uzvedums aizved\u012bs klaus\u012bt\u0101jus cauri laika lokiem, atspogu\u013cojot m\u012blest\u012bbas, br\u012bvdom\u012bbas un sevis mekl\u0113jumu t\u0113mas. Tas sol\u0101s b\u016bt emocion\u0101ls un int\u012bms piedz\u012bvojums, kas \u013caus sajust katras dziesmas dzi\u013c\u0101ko b\u016bt\u012bbu.<\/p>\n<p>Tiem, kas mekl\u0113 ko dinamisk\u0101ku, 11. oktobr\u012b plkst. 22:00 Fontaine Palace Liep\u0101j\u0101 notiks koncerts, kur\u0101 uzst\u0101sies latvie\u0161u pankor\u0137estris \u201cOran\u017e\u0101s Br\u012bvdienas\u201d ar savu unik\u0101lo skan\u0113jumu, k\u0101 ar\u012b viesi no Somijas \u2013 \u201cDonna and the Dynamiters\u201d, sp\u0113l\u0113jot rocksteady stil\u0101. \u0160is pas\u0101kums sola neb\u016bt ne klusu vakaru, bet gan kr\u0101sainu un jautr\u012bbas pilnu notikumu.<\/p>\n<p>Koncertu cikli un festiv\u0101li<\/p>\n<p>\u201cRudens kamerm\u016bzikas festiv\u0101ls\u201d, kas norisin\u0101sies no 9. l\u012bdz 24. oktobrim R\u012bgas koncertz\u0101l\u0113s un J\u016brmal\u0101, pied\u0101v\u0101s pasaul\u0113 atz\u012btu m\u0101kslinieku sniegumu. Festiv\u0101la \u012bpa\u0161ais notikums b\u016bs v\u0101cu vijolnieces Izabellas Faustas koncerts. Festiv\u0101lu atkl\u0101s kameror\u0137estris \u201cSinfonietta R\u012bga\u201d diri\u0123enta J\u0113rga Vidma\u0146a vad\u012bb\u0101, svinot lietuvie\u0161u komponista Mikaloja Konstantina \u010cur\u013co\u0146a 150. jubileju. Festiv\u0101l\u0101 uzst\u0101sies ar\u012b latvie\u0161u m\u016bzi\u0137i k\u0101 Inga Kalna, Di\u0101na Ketlere un Daumants Liepi\u0146\u0161.<\/p>\n<p>Daumants Liepi\u0146\u0161 10. oktobr\u012b uzst\u0101sies Dzintaru koncertz\u0101les Mazaj\u0101 z\u0101l\u0113 ar bag\u0101t\u012bgu solo programmu. Savuk\u0101rt 17. oktobr\u012b \u201cSp\u012b\u0137eru koncertz\u0101l\u0113\u201d notiks koncertprogramma \u201cNakts sarunas\u201d, kur\u0101 apvienosies pianiste Agnese Egli\u0146a un klarnetists Guntis Kuzma, atska\u0146ojot gan jau iem\u012b\u013cotus, gan jaunus ska\u0146darbus.<\/p>\n<p>\u201cLatvijas Koncerti\u201d pied\u0101v\u0101 pla\u0161u rudens pas\u0101kumu kl\u0101stu. Svar\u012bgi atz\u012bm\u0113t, ka 11. oktobr\u012b notiks vair\u0101ki noz\u012bm\u012bgi notikumi: \u201cSinfonietta R\u012bga\u201d un J\u0113rgs Vidmanis ar Mocarta, B\u0113thovena un \u0160\u016bma\u0146a ska\u0146darbiem LU Lielaj\u0101 aul\u0101; Daumanta Liepi\u0146a solo koncerts J\u016brmal\u0101, Dzintaru Mazaj\u0101 z\u0101l\u0113; k\u0101 ar\u012b koncerts \u201cKlusie d\u0101rgumi\u201d Madon\u0101, kas pied\u0101v\u0101s ce\u013cojumu no kamerm\u016bzikas l\u012bdz d\u017eezam.<\/p>\n<p>M\u016bzika k\u0101 vesel\u012bbas un labsaj\u016btas veicin\u0101t\u0101ja<\/p>\n<p>M\u016bzikas klaus\u012b\u0161an\u0101s ne tikai sniedz emocion\u0101lu baud\u012bjumu, bet ar\u012b pozit\u012bvi ietekm\u0113 cilv\u0113ka vesel\u012bbu. Zin\u0101tniski p\u0113t\u012bjumi liecina, ka m\u016bzika sp\u0113j uzlabot koncentr\u0113\u0161an\u0101s sp\u0113jas, att\u012bst\u012bt smadze\u0146u darb\u012bbu un pat veicin\u0101t efekt\u012bv\u0101ku im\u016bnsist\u0113mas darb\u012bbu, samazinot stresa hormona kortizola l\u012bmeni organism\u0101. Klasisk\u0101s m\u016bzikas klaus\u012b\u0161an\u0101s vismaz stundu dien\u0101 var pal\u012bdz\u0113t samazin\u0101t stresa l\u012bmeni, savuk\u0101rt mier\u012bga un liriska m\u016bzika var uzlabot miega kvalit\u0101ti.<\/p>\n<p>T\u0101pat m\u016bzika ir sp\u0113c\u012bgs instruments, lai izteiktu emocijas, kad v\u0101rdu pietr\u016bkst. T\u0101 sp\u0113j rad\u012bt prieku, mieru un pat pal\u012bdz\u0113t cilv\u0113kiem, kas saskaras ar kritisk\u0101m saslim\u0161an\u0101m, mazinot trauksmi. T\u0101p\u0113c neatkar\u012bgi no t\u0101, vai izv\u0113laties klasisko, d\u017eeza vai k\u0101du citu m\u016bzikas \u017eanru, t\u0101s klaus\u012b\u0161an\u0101s var bag\u0101tin\u0101t j\u016bsu dz\u012bvi un uzlabot kop\u0113jo labsaj\u016btu.<\/p>\n<p>Pl\u0101nojiet savas br\u012bvdienas<\/p>\n<p>Lai gan oktobra vidus tradicion\u0101li tiek saist\u012bts ar dabas skaistumu, Latvij\u0101 notieko\u0161ie koncerti un festiv\u0101li pied\u0101v\u0101 lielisku iesp\u0113ju pilnv\u0113rt\u012bgi pavad\u012bt br\u012bvdienas. S\u0101kot no R\u012bgas Doma l\u012bdz pat Liep\u0101jai un R\u0113zeknei, kult\u016bras pas\u0101kumu kl\u0101sts ir pla\u0161s un daudzveid\u012bgs. Iel\u016bkojieties aktu\u0101lajos pied\u0101v\u0101jumos un atrodiet savu ide\u0101lo rudens noska\u0146ai atbilsto\u0161o koncertu, kas \u013caus izbaud\u012bt gan m\u016bziku, gan Latvijas skaistumu.<\/p>\n","protected":false},"excerpt":{"rendered":"Rudens melodijas Latvij\u0101: Iepaz\u012bsti gaid\u0101mos koncertus un sv\u0113tkus Rudens, oktobra vidus Latvij\u0101 ir ne tikai kr\u0101\u0161\u0146u dabas skatu&hellip;\n","protected":false},"author":2,"featured_media":19043,"comment_status":"","ping_status":"","sticky":false,"template":"","format":"standard","meta":{"footnotes":""},"categories":[19],"tags":[89,90,6223,3490,6224,35,39,38,36,37,34,40,3481,3677],"class_list":{"0":"post-19042","1":"post","2":"type-post","3":"status-publish","4":"format-standard","5":"has-post-thumbnail","7":"category-izklaide","8":"tag-entertainment","9":"tag-izklaide","10":"tag-klausies-muziku","11":"tag-koncerti-latvija","12":"tag-kulturas-pasakumi","13":"tag-latvia","14":"tag-latvian","15":"tag-latviesu","16":"tag-latviesu-valoda","17":"tag-latviesuvaloda","18":"tag-latvija","19":"tag-lv","20":"tag-muzikas-festivali","21":"tag-oktobris"},"share_on_mastodon":{"url":"","error":""},"_links":{"self":[{"href":"https:\/\/www.europesays.com\/lv\/wp-json\/wp\/v2\/posts\/19042","targetHints":{"allow":["GET"]}}],"collection":[{"href":"https:\/\/www.europesays.com\/lv\/wp-json\/wp\/v2\/posts"}],"about":[{"href":"https:\/\/www.europesays.com\/lv\/wp-json\/wp\/v2\/types\/post"}],"author":[{"embeddable":true,"href":"https:\/\/www.europesays.com\/lv\/wp-json\/wp\/v2\/users\/2"}],"replies":[{"embeddable":true,"href":"https:\/\/www.europesays.com\/lv\/wp-json\/wp\/v2\/comments?post=19042"}],"version-history":[{"count":0,"href":"https:\/\/www.europesays.com\/lv\/wp-json\/wp\/v2\/posts\/19042\/revisions"}],"wp:featuredmedia":[{"embeddable":true,"href":"https:\/\/www.europesays.com\/lv\/wp-json\/wp\/v2\/media\/19043"}],"wp:attachment":[{"href":"https:\/\/www.europesays.com\/lv\/wp-json\/wp\/v2\/media?parent=19042"}],"wp:term":[{"taxonomy":"category","embeddable":true,"href":"https:\/\/www.europesays.com\/lv\/wp-json\/wp\/v2\/categories?post=19042"},{"taxonomy":"post_tag","embeddable":true,"href":"https:\/\/www.europesays.com\/lv\/wp-json\/wp\/v2\/tags?post=19042"}],"curies":[{"name":"wp","href":"https:\/\/api.w.org\/{rel}","templated":true}]}}