{"id":19046,"date":"2025-10-12T10:01:22","date_gmt":"2025-10-12T10:01:22","guid":{"rendered":"https:\/\/www.europesays.com\/lv\/19046\/"},"modified":"2025-10-12T10:01:22","modified_gmt":"2025-10-12T10:01:22","slug":"riga-gazes-noplude-bernudarza-madarina-berni-evakueti-apdraudejums-noversts-lente-lv","status":"publish","type":"post","link":"https:\/\/www.europesays.com\/lv\/19046\/","title":{"rendered":"R\u012bg\u0101 g\u0101zes nopl\u016bde b\u0113rnud\u0101rz\u0101 &#8220;Madari\u0146a&#8221; \u2013 b\u0113rni evaku\u0113ti, apdraud\u0113jums nov\u0113rsts\u00a0\u2014\u00a0Lente.lv"},"content":{"rendered":"<p>G\u0101zes nopl\u016bde b\u0113rnud\u0101rz\u0101 R\u012bg\u0101: B\u0113rni dro\u0161\u012bb\u0101, uzs\u0101kta izmekl\u0113\u0161ana<\/p>\n<p>R\u012bg\u0101, b\u0113rnud\u0101rz\u0101 &#8220;Madari\u0146a&#8221;, \u0161or\u012bt tika konstat\u0113ta g\u0101zes nopl\u016bde, kas lika operat\u012bvi r\u012bkoties un evaku\u0113t gan b\u0113rnus, gan person\u0101lu. Par laimi, incidents norit\u0113ja bez cietu\u0161ajiem, un dro\u0161\u012bbas dienesti \u0101tri vien nov\u0113rsa potenci\u0101lo apdraud\u0113jumu. \u0160obr\u012bd notiku\u0161ais tiek skaidrots, lai preciz\u0113tu nopl\u016bdes c\u0113lo\u0146us.<\/p>\n<p>Steidzama evaku\u0101cija un operat\u012bva rea\u0123\u0113\u0161ana<\/p>\n<p>R\u012bgas domes p\u0101rst\u0101vji apstiprin\u0101ja, ka piektdien, 10. oktobr\u012b, pirmsskolas izgl\u012bt\u012bbas iest\u0101d\u0113 &#8220;Madari\u0146a&#8221; tika sajusta g\u0101zes smaka. Rea\u0123\u0113jot uz situ\u0101ciju, b\u0113rni un iest\u0101des darbinieki tika nekav\u0113joties evaku\u0113ti no \u0113kas. Uz notikuma vietu tika izsaukti &#8220;Gaso&#8221; speci\u0101listi un Valsts ugunsdz\u0113s\u012bbas un gl\u0101b\u0161anas dienesta (VUGD) p\u0101rst\u0101vji, lai nodro\u0161in\u0101tu dro\u0161\u012bbu un noskaidrotu nopl\u016bdes iemeslus. G\u0101zes padeve tika nekav\u0113joties p\u0101rtraukta, un dro\u0161\u012bbas pas\u0101kumi tika veiksm\u012bgi \u012bstenoti, nov\u0113r\u0161ot jebk\u0101das briesmas.<\/p>\n<p>Iepriek\u0161\u0113ji starpgad\u012bjumi un remonta darbi<\/p>\n<p>Interesanti, ka \u0161is nav pirmais starpgad\u012bjums, kas saist\u012bts ar b\u0113rnud\u0101rza apkures sist\u0113mu. Aptuveni ned\u0113\u013cu pirms \u0161\u012b incidenta, 2. oktobr\u012b, b\u0113rnud\u0101rza pagrabst\u0101v\u0101 notika ugunsgr\u0113ks, kur\u0101 dega apkures katla elektronika. P\u0113c \u0161\u012b incidenta uz\u0146\u0113mums &#8220;Gaso&#8221; veica apkures sist\u0113mas remontdarbus un ceturtdien, 9. oktobr\u012b, atjaunoja g\u0101zes padevi. Tom\u0113r, k\u0101 izr\u0101d\u012bj\u0101s, ne viss bija piln\u012bb\u0101 atrisin\u0101ts, jo jau n\u0101kamaj\u0101 dien\u0101 tika konstat\u0113ta jauna g\u0101zes nopl\u016bde.<\/p>\n<p>Preciz\u0113ti nopl\u016bdes c\u0113lo\u0146i un turpm\u0101kie so\u013ci<\/p>\n<p>S\u0101kotn\u0113j\u0101 inform\u0101cija liecina, ka \u0161odienas g\u0101zes nopl\u016bde var\u0113tu b\u016bt radusies nekvalitat\u012bvi pievilkta g\u0101zes skait\u012bt\u0101ja d\u0113\u013c, kas rad\u012bja defektu komercuzskaites m\u0113rapar\u0101ta v\u012bt\u0146u savienojum\u0101. &#8220;Gaso&#8221; speci\u0101listi veica nepiecie\u0161amos remontdarbus, un g\u0101zes padeve tika atjaunota. R\u012bgas vicem\u0113rs Edvards Ratnieks ir paudis neapmierin\u0101t\u012bbu par situ\u0101cijas atk\u0101rto\u0161anos, nor\u0101dot, ka ar apkures sist\u0113mu saist\u012bt\u0101s probl\u0113mas b\u0113rnud\u0101rz\u0101 ir ilgsto\u0161as un nepie\u0146emamas. Vi\u0146\u0161 ir uzdevis pa\u0161vald\u012bbas \u012apa\u0161uma departamentam nekav\u0113joties rast ilgtsp\u0113j\u012bgus risin\u0101jumus apkures nodro\u0161in\u0101\u0161anai, tostarp izskatot apkures katla nomai\u0146as iesp\u0113jas. Lai gan atbild\u012bgie dienesti ir nov\u0113rt\u0113ju\u0161i \u0113ku k\u0101 ekspluat\u0101cijai dro\u0161u, l\u012bdz jauna katla uzst\u0101d\u012b\u0161anai \u0113ka tiks r\u016bp\u012bgi uzraudz\u012bta.<\/p>\n<p>\u0160obr\u012bd liel\u0101k\u0101 da\u013ca b\u0113rnu jau ir nog\u0101d\u0101ti m\u0101j\u0101s pie vec\u0101kiem, un telpas ir atz\u012btas par dro\u0161\u0101m, lai taj\u0101s var\u0113tu atgriezties. Situ\u0101cija tiek r\u016bp\u012bgi monitor\u0113ta, lai nodro\u0161in\u0101tu visu b\u0113rnu un person\u0101la dro\u0161\u012bbu.<\/p>\n","protected":false},"excerpt":{"rendered":"G\u0101zes nopl\u016bde b\u0113rnud\u0101rz\u0101 R\u012bg\u0101: B\u0113rni dro\u0161\u012bb\u0101, uzs\u0101kta izmekl\u0113\u0161ana R\u012bg\u0101, b\u0113rnud\u0101rz\u0101 &#8220;Madari\u0146a&#8221;, \u0161or\u012bt tika konstat\u0113ta g\u0101zes nopl\u016bde, kas lika&hellip;\n","protected":false},"author":2,"featured_media":19047,"comment_status":"","ping_status":"","sticky":false,"template":"","format":"standard","meta":{"footnotes":""},"categories":[5],"tags":[23,6226,28,29,334,5854,32,33,6225,22,30,31,35,39,38,36,37,34,40,20,26,27,172,24,25,21],"class_list":{"0":"post-19046","1":"post","2":"type-post","3":"status-publish","4":"format-standard","5":"has-post-thumbnail","7":"category-aktualitates","8":"tag-aktualitates","9":"tag-bernudarzs-madarina","10":"tag-breaking-news","11":"tag-breakingnews","12":"tag-drosiba","13":"tag-evakuacija","14":"tag-featured-news","15":"tag-featurednews","16":"tag-gazes-noplude","17":"tag-headlines","18":"tag-latest-news","19":"tag-latestnews","20":"tag-latvia","21":"tag-latvian","22":"tag-latviesu","23":"tag-latviesu-valoda","24":"tag-latviesuvaloda","25":"tag-latvija","26":"tag-lv","27":"tag-news","28":"tag-popularakas-zinas","29":"tag-popularakaszinas","30":"tag-riga","31":"tag-top-stories","32":"tag-topstories","33":"tag-zinas"},"share_on_mastodon":{"url":"","error":""},"_links":{"self":[{"href":"https:\/\/www.europesays.com\/lv\/wp-json\/wp\/v2\/posts\/19046","targetHints":{"allow":["GET"]}}],"collection":[{"href":"https:\/\/www.europesays.com\/lv\/wp-json\/wp\/v2\/posts"}],"about":[{"href":"https:\/\/www.europesays.com\/lv\/wp-json\/wp\/v2\/types\/post"}],"author":[{"embeddable":true,"href":"https:\/\/www.europesays.com\/lv\/wp-json\/wp\/v2\/users\/2"}],"replies":[{"embeddable":true,"href":"https:\/\/www.europesays.com\/lv\/wp-json\/wp\/v2\/comments?post=19046"}],"version-history":[{"count":0,"href":"https:\/\/www.europesays.com\/lv\/wp-json\/wp\/v2\/posts\/19046\/revisions"}],"wp:featuredmedia":[{"embeddable":true,"href":"https:\/\/www.europesays.com\/lv\/wp-json\/wp\/v2\/media\/19047"}],"wp:attachment":[{"href":"https:\/\/www.europesays.com\/lv\/wp-json\/wp\/v2\/media?parent=19046"}],"wp:term":[{"taxonomy":"category","embeddable":true,"href":"https:\/\/www.europesays.com\/lv\/wp-json\/wp\/v2\/categories?post=19046"},{"taxonomy":"post_tag","embeddable":true,"href":"https:\/\/www.europesays.com\/lv\/wp-json\/wp\/v2\/tags?post=19046"}],"curies":[{"name":"wp","href":"https:\/\/api.w.org\/{rel}","templated":true}]}}