{"id":19060,"date":"2025-10-12T10:23:12","date_gmt":"2025-10-12T10:23:12","guid":{"rendered":"https:\/\/www.europesays.com\/lv\/19060\/"},"modified":"2025-10-12T10:23:12","modified_gmt":"2025-10-12T10:23:12","slug":"asv-pec-eksplozijas-spragstvielu-rupnica-apstiprinata-16-cilveku-bojaeju","status":"publish","type":"post","link":"https:\/\/www.europesays.com\/lv\/19060\/","title":{"rendered":"ASV p\u0113c eksplozijas spr\u0101gstvielu r\u016bpn\u012bc\u0101 apstiprin\u0101ta 16 cilv\u0113ku boj\u0101eju"},"content":{"rendered":"<p>Hamfr\u012bsas gr\u0101fistes \u0161erifs Kriss Deiviss \u017eurn\u0101listiem pav\u0113st\u012bja, ka 16 dom\u0101jamo boj\u0101g\u0101ju\u0161o \u0123imenes par to tiku\u0161as inform\u0113tas.<\/p>\n<p>Piektdienas r\u012bt\u0101 t\u016bl\u012bt p\u0113c spr\u0101dziena tika pazi\u0146ots par 19 bez v\u0113sts pazudu\u0161ajiem, ta\u010du v\u0113l\u0101k tika noskaidrots, ka tr\u012bs no vi\u0146iem spr\u0101dziena br\u012bd\u012b atradu\u0161ies citviet.<\/p>\n<p>Izmekl\u0113t\u0101ji uzskata, ka visi 16 cilv\u0113ki, kas spr\u0101dziena br\u012bd\u012b atrad\u0101s r\u016bpn\u012bc\u0101, ir g\u0101ju\u0161i boj\u0101.<\/p>\n<p>Joproj\u0101m nav skaidrs, kas izrais\u012bjis spr\u0101dzienu, un izmekl\u0113\u0161ana turpin\u0101sies v\u0113l vair\u0101kas dienas.<\/p>\n<p>K\u0101 zi\u0146ots, eksplozija notika uz\u0146\u0113muma &#8220;Accurate Energetic Systems&#8221; r\u016bpn\u012bc\u0101.<\/p>\n<p>1980. gad\u0101 dibin\u0101t\u0101 spr\u0101gstvielu ra\u017eo\u0161anas uz\u0146\u0113muma t\u012bmek\u013ca vietn\u0113 teikts, ka tas ra\u017eo &#8220;da\u017e\u0101dus spr\u0101gstvielu mais\u012bjumus un speci\u0101lsortimenta produktus&#8221; <a href=\"https:\/\/www.tvnet.lv\/term\/555410\/asv\" class=\"topicLink\" target=\"_blank\" rel=\"nofollow noopener\">ASV<\/a> Aizsardz\u012bbas ministrijai un ASV r\u016bpnieciskajiem tirgiem.<\/p>\n<p>Starp t\u0101 ra\u017eotajiem produktiem ir spr\u0101gstvielas demont\u0101\u017eai, k\u0101jnieku m\u012bnas un spr\u0101gstvielu granulas, kas tiek izmantotas milit\u0101raj\u0101 un kosmosa r\u016bpniec\u012bb\u0101.<\/p>\n","protected":false},"excerpt":{"rendered":"Hamfr\u012bsas gr\u0101fistes \u0161erifs Kriss Deiviss \u017eurn\u0101listiem pav\u0113st\u012bja, ka 16 dom\u0101jamo boj\u0101g\u0101ju\u0161o \u0123imenes par to tiku\u0161as inform\u0113tas. Piektdienas r\u012bt\u0101&hellip;\n","protected":false},"author":2,"featured_media":19061,"comment_status":"","ping_status":"","sticky":false,"template":"","format":"standard","meta":{"footnotes":""},"categories":[14],"tags":[23,57,292,28,29,32,33,22,5777,30,31,35,39,38,36,37,34,40,6234,20,26,27,24,25,54,55,56,21,58],"class_list":{"0":"post-19060","1":"post","2":"type-post","3":"status-publish","4":"format-standard","5":"has-post-thumbnail","7":"category-zinas-no-arvalstim","8":"tag-aktualitates","9":"tag-arvalstim","10":"tag-asv","11":"tag-breaking-news","12":"tag-breakingnews","13":"tag-featured-news","14":"tag-featurednews","15":"tag-headlines","16":"tag-katastrofa","17":"tag-latest-news","18":"tag-latestnews","19":"tag-latvia","20":"tag-latvian","21":"tag-latviesu","22":"tag-latviesu-valoda","23":"tag-latviesuvaloda","24":"tag-latvija","25":"tag-lv","26":"tag-negadijums","27":"tag-news","28":"tag-popularakas-zinas","29":"tag-popularakaszinas","30":"tag-top-stories","31":"tag-topstories","32":"tag-world","33":"tag-world-news","34":"tag-worldnews","35":"tag-zinas","36":"tag-zinas-no-arvalstim"},"share_on_mastodon":{"url":"","error":""},"_links":{"self":[{"href":"https:\/\/www.europesays.com\/lv\/wp-json\/wp\/v2\/posts\/19060","targetHints":{"allow":["GET"]}}],"collection":[{"href":"https:\/\/www.europesays.com\/lv\/wp-json\/wp\/v2\/posts"}],"about":[{"href":"https:\/\/www.europesays.com\/lv\/wp-json\/wp\/v2\/types\/post"}],"author":[{"embeddable":true,"href":"https:\/\/www.europesays.com\/lv\/wp-json\/wp\/v2\/users\/2"}],"replies":[{"embeddable":true,"href":"https:\/\/www.europesays.com\/lv\/wp-json\/wp\/v2\/comments?post=19060"}],"version-history":[{"count":0,"href":"https:\/\/www.europesays.com\/lv\/wp-json\/wp\/v2\/posts\/19060\/revisions"}],"wp:featuredmedia":[{"embeddable":true,"href":"https:\/\/www.europesays.com\/lv\/wp-json\/wp\/v2\/media\/19061"}],"wp:attachment":[{"href":"https:\/\/www.europesays.com\/lv\/wp-json\/wp\/v2\/media?parent=19060"}],"wp:term":[{"taxonomy":"category","embeddable":true,"href":"https:\/\/www.europesays.com\/lv\/wp-json\/wp\/v2\/categories?post=19060"},{"taxonomy":"post_tag","embeddable":true,"href":"https:\/\/www.europesays.com\/lv\/wp-json\/wp\/v2\/tags?post=19060"}],"curies":[{"name":"wp","href":"https:\/\/api.w.org\/{rel}","templated":true}]}}