{"id":19064,"date":"2025-10-12T10:29:11","date_gmt":"2025-10-12T10:29:11","guid":{"rendered":"https:\/\/www.europesays.com\/lv\/19064\/"},"modified":"2025-10-12T10:29:11","modified_gmt":"2025-10-12T10:29:11","slug":"eiropai-jastiprina-drosiba-un-jauznemas-atbildiba-lente-lv-2","status":"publish","type":"post","link":"https:\/\/www.europesays.com\/lv\/19064\/","title":{"rendered":"Eiropai j\u0101stiprina dro\u0161\u012bba un j\u0101uz\u0146emas atbild\u012bba\u00a0\u2014\u00a0Lente.lv"},"content":{"rendered":"<p>Eiropas Parlaments uzsver nepiecie\u0161am\u012bbu stiprin\u0101t kontinenta aizsardz\u012bbu<\/p>\n<p>R\u012bg\u0101 notieko\u0161aj\u0101 dro\u0161\u012bbas un \u0101rpolitikas forum\u0101 &#8220;R\u012bgas konference 2025&#8221; Eiropas Parlamenta (EP) priek\u0161s\u0113d\u0113t\u0101ja Roberta Metsola uzsv\u0113ra, ka Eiropai ir pien\u0101cis laiks stingr\u0101k uz\u0146emties atbild\u012bbu par savu dro\u0161\u012bbu. Vi\u0146a nor\u0101d\u012bja uz \u0123eopolitisko situ\u0101ciju Baltijas re\u0123ion\u0101, atz\u012bm\u0113jot pieaugo\u0161os incidentus Baltijas j\u016br\u0101 un agres\u012bvo politiku no austrumu kaimi\u0146valst\u012bm.<\/p>\n<p>Metsola piebilda, ka Baltijas valstu pieredze ir v\u0113rt\u012bgs m\u0101c\u012bbu l\u012bdzeklis visai Eiropai, jo t\u0101s jau gadiem ilgi br\u012bdin\u0101ju\u0161as par draudiem, kas tagad k\u013c\u016bst arvien ac\u012bmredzam\u0101ki. &#8220;\u0160eit, Latvij\u0101, j\u016bs zin\u0101t, ko noz\u012bm\u0113 dz\u012bvot uz br\u012bv\u012bbas robe\u017eas. J\u016bs atceraties, kas var notikt, un kas ir noticis,&#8221; vi\u0146a sac\u012bja, uzsverot, ka Eiropai vajadz\u0113ja agr\u0101k ieklaus\u012bties \u0161ajos br\u012bdin\u0101jumos. Vi\u0146a pauda no\u017e\u0113lu, ka Eiropa nebija pietiekami gatava, lai pretotos \u0161odienas izaicin\u0101jumiem.<\/p>\n<p>Aizsardz\u012bbas industrijas un savietojam\u012bbas izaicin\u0101jumi<\/p>\n<p>EP priek\u0161s\u0113d\u0113t\u0101ja kritiski izv\u0113rt\u0113ja Eiropas aizsardz\u012bbas sp\u0113ju pa\u0161reiz\u0113jo sadrumstalot\u012bbu. &#8220;\u0160\u0101da sadrumstalot\u012bba noz\u012bm\u0113, ka m\u0113s varam ra\u017eot visu iesp\u0113jamo mun\u012bciju, un varam viens otru pastiprin\u0101t ar visu iesp\u0113jamo milit\u0101ro apr\u012bkojumu, bet, ja m\u016bsu sist\u0113mas nav savietojamas vai ja m\u016bsu sp\u0113ki nav apm\u0101c\u012bti t\u0101s pareizi izmantot, tad past\u0101v risks, ka visi m\u016bsu centieni b\u016bs velt\u012bgi,&#8221; skaidroja Metsola. Vi\u0146a uzsv\u0113ra, ka tie\u0161i \u0161\u012b neefektivit\u0101te m\u016bs bremz\u0113 un palielina izmaksas.<\/p>\n<p>Lai risin\u0101tu \u0161os jaut\u0101jumus, Metsola min\u0113ja Eiropas aizsardz\u012bbas industrijas programmu, kuras m\u0113r\u0137is ir vienk\u0101r\u0161ot procesus, nojaukt \u0161\u0137\u0113r\u0161\u013cus un atbalst\u012bt aizsardz\u012bbas industrijas sp\u0113ju \u0101tri pieg\u0101d\u0101t nepiecie\u0161amo, sadarbojoties ar\u012b ar Ukrainas r\u016bpniec\u012bbas b\u0101zi. Tiek str\u0101d\u0101ts ar\u012b pie div\u0113j\u0101da lietojuma finans\u0113juma integr\u0113\u0161anas n\u0101kamaj\u0101 ES daudzgadu bud\u017eet\u0101.<\/p>\n<p>Re\u0123ion\u0101l\u0101 dro\u0161\u012bba un Baltijas j\u016bras noz\u012bme<\/p>\n<p>Diskusij\u0101s par dro\u0161\u012bbu \u012bpa\u0161a uzman\u012bba tika piev\u0113rsta Baltijas j\u016bras re\u0123ionam. Metsola uzsv\u0113ra, ka Baltijas \u0123eogr\u0101fija pati par sevi run\u0101 \u2013 pieaugo\u0161ais incidentu skaits Baltijas j\u016br\u0101 un agres\u012bv\u0101s kaimi\u0146valstis rada sare\u017e\u0123\u012btu dro\u0161\u012bbas vidi. Vi\u0146a atz\u012bm\u0113ja, ka Suvalku koridors, kas atrodas Polijas un Lietuvas pierobe\u017e\u0101, ir viens no kritisk\u0101kajiem punktiem pasaul\u0113.<\/p>\n<p>Ar\u012b citi foruma dal\u012bbnieki, tai skait\u0101 Latvijas aizsardz\u012bbas ministrs Andris Spr\u016bds, piekrita nepiecie\u0161am\u012bbai p\u0113c fundament\u0101las dom\u0101\u0161anas mai\u0146as dro\u0161\u012bbas jom\u0101. &#8220;Mazliet atg\u0101dinot da\u017eu intelektu\u0101\u013cu teikto iepriek\u0161\u0113jos gados \u2013 ka amerik\u0101\u0146i ir no Marsa, bet eiropie\u0161i \u2013 no Ven\u0113ras. Tagad ir pien\u0101cis laiks visiem b\u016bt no Marsa, ar\u012b eiropie\u0161iem,&#8221; sac\u012bja Spr\u016bds, uzsverot, ka nauda vien nedara dro\u0161\u0101kus \u2013 aizsardz\u012bba j\u0101stiprina visiem kop\u0101.<\/p>\n<p>Eiropas vienot\u012bba un turpm\u0101kie so\u013ci<\/p>\n<p>Foruma laik\u0101 tika mudin\u0101ta Eiropas valstu vienot\u012bba un kop\u012bga atbild\u012bbas uz\u0146em\u0161an\u0101s par dro\u0161\u012bbu. Tika uzsv\u0113rts, ka bez kop\u012bgas pl\u0101no\u0161anas, izstr\u0101des un iepirkumiem Eiropa joproj\u0101m darbosies k\u0101 27 atsevi\u0161\u0137as sist\u0113mas, kas ir neefekt\u012bvi un d\u0101rgi. &#8220;Ja m\u0113s turpin\u0101sim str\u0101d\u0101t atsevi\u0161\u0137i, ja m\u0113s past\u0101v\u012bgi dubl\u0113simies, ja mums neizdosies kop\u012bgi pl\u0101not, izstr\u0101d\u0101t un veikt iepirkumus Eirop\u0101, m\u0113s joproj\u0101m darbosimies k\u0101 27 atsevi\u0161\u0137as sist\u0113mas un ar 178 da\u017e\u0101d\u0101m iero\u010du sist\u0113m\u0101m,&#8221; br\u012bdin\u0101ja Metsola.<\/p>\n<p>ASV Sen\u0101ts nesen ir apstiprin\u0101jis 350 miljonus dol\u0101ru Baltijas dro\u0161\u012bbas iniciat\u012bvai, kas liecina par transatlantisk\u0101s sadarb\u012bbas noz\u012bmi dro\u0161\u012bbas stiprin\u0101\u0161an\u0101. &#8220;R\u012bgas konference 2025&#8221; pulc\u0113ja ietekm\u012bgus pasaules l\u012bderus un ekspertus, lai dzi\u013c\u0101k izprastu un risin\u0101tu m\u016bsdienu sare\u017e\u0123\u012btos glob\u0101l\u0101s dro\u0161\u012bbas un \u0101rpolitikas jaut\u0101jumus, uzsverot nepiecie\u0161am\u012bbu p\u0113c cie\u0161\u0101kas Eiropas un transatlantisk\u0101s vienot\u012bbas sadrumstalot\u0101 pasaul\u0113.<\/p>\n","protected":false},"excerpt":{"rendered":"Eiropas Parlaments uzsver nepiecie\u0161am\u012bbu stiprin\u0101t kontinenta aizsardz\u012bbu R\u012bg\u0101 notieko\u0161aj\u0101 dro\u0161\u012bbas un \u0101rpolitikas forum\u0101 &#8220;R\u012bgas konference 2025&#8221; Eiropas Parlamenta&hellip;\n","protected":false},"author":2,"featured_media":19065,"comment_status":"","ping_status":"","sticky":false,"template":"","format":"standard","meta":{"footnotes":""},"categories":[14],"tags":[23,57,6178,28,29,4644,5688,32,33,22,30,31,35,39,38,36,37,34,40,20,26,27,5155,5778,24,25,54,55,56,21,58],"class_list":{"0":"post-19064","1":"post","2":"type-post","3":"status-publish","4":"format-standard","5":"has-post-thumbnail","7":"category-zinas-no-arvalstim","8":"tag-aktualitates","9":"tag-arvalstim","10":"tag-baltijas-juras-regions","11":"tag-breaking-news","12":"tag-breakingnews","13":"tag-eiropas-drosiba","14":"tag-eiropas-parlaments","15":"tag-featured-news","16":"tag-featurednews","17":"tag-headlines","18":"tag-latest-news","19":"tag-latestnews","20":"tag-latvia","21":"tag-latvian","22":"tag-latviesu","23":"tag-latviesu-valoda","24":"tag-latviesuvaloda","25":"tag-latvija","26":"tag-lv","27":"tag-news","28":"tag-popularakas-zinas","29":"tag-popularakaszinas","30":"tag-rigas-konference-2025","31":"tag-roberta-metsola","32":"tag-top-stories","33":"tag-topstories","34":"tag-world","35":"tag-world-news","36":"tag-worldnews","37":"tag-zinas","38":"tag-zinas-no-arvalstim"},"share_on_mastodon":{"url":"","error":""},"_links":{"self":[{"href":"https:\/\/www.europesays.com\/lv\/wp-json\/wp\/v2\/posts\/19064","targetHints":{"allow":["GET"]}}],"collection":[{"href":"https:\/\/www.europesays.com\/lv\/wp-json\/wp\/v2\/posts"}],"about":[{"href":"https:\/\/www.europesays.com\/lv\/wp-json\/wp\/v2\/types\/post"}],"author":[{"embeddable":true,"href":"https:\/\/www.europesays.com\/lv\/wp-json\/wp\/v2\/users\/2"}],"replies":[{"embeddable":true,"href":"https:\/\/www.europesays.com\/lv\/wp-json\/wp\/v2\/comments?post=19064"}],"version-history":[{"count":0,"href":"https:\/\/www.europesays.com\/lv\/wp-json\/wp\/v2\/posts\/19064\/revisions"}],"wp:featuredmedia":[{"embeddable":true,"href":"https:\/\/www.europesays.com\/lv\/wp-json\/wp\/v2\/media\/19065"}],"wp:attachment":[{"href":"https:\/\/www.europesays.com\/lv\/wp-json\/wp\/v2\/media?parent=19064"}],"wp:term":[{"taxonomy":"category","embeddable":true,"href":"https:\/\/www.europesays.com\/lv\/wp-json\/wp\/v2\/categories?post=19064"},{"taxonomy":"post_tag","embeddable":true,"href":"https:\/\/www.europesays.com\/lv\/wp-json\/wp\/v2\/tags?post=19064"}],"curies":[{"name":"wp","href":"https:\/\/api.w.org\/{rel}","templated":true}]}}