{"id":19068,"date":"2025-10-12T10:35:12","date_gmt":"2025-10-12T10:35:12","guid":{"rendered":"https:\/\/www.europesays.com\/lv\/19068\/"},"modified":"2025-10-12T10:35:12","modified_gmt":"2025-10-12T10:35:12","slug":"svetdien-krievija-uzbrukusi-ukrainai-ar-118-droniem-tvnet","status":"publish","type":"post","link":"https:\/\/www.europesays.com\/lv\/19068\/","title":{"rendered":"Sv\u0113tdien Krievija uzbrukusi Ukrainai ar 118 droniem &#8211; TVNET"},"content":{"rendered":"<ol>\n<li><a href=\"https:\/\/news.google.com\/rss\/articles\/CBMihwFBVV95cUxNY1EtcF8wTUtrclVPSTBwUEowNFE3QVBlMXFuNEhEMmwyZldTQVBmcV92QjdRRXRxMHVzXzVHemhIWmVQRzEyWUZKZDEyT291NVpfeUNJSjhSTVJUcEltN2FOLXdQb0cyWWJXNTB6YzE4TXBaeHp1azN6TWFnU3F3T3pBbHlYTnc?oc=5\" target=\"_blank\" rel=\"nofollow noopener\">Sv\u0113tdien Krievija uzbrukusi Ukrainai ar 118 droniem<\/a>&nbsp;&nbsp;TVNET<\/li>\n<li><a href=\"https:\/\/news.google.com\/rss\/articles\/CBMi5wFBVV95cUxQM0E4UFRURzZLcW5pbmJ1YXhsaXh3N0RmdDRaRi10eGduX0tlMkZCQlpoYnEzcFpqb3dSVTVNaFQ1WXZNYUtmS1U2Vjg2ZG9xMjZ5a0VBaXcyR2RKTVRmYVMxVHZKcU9JWFJ0Ym1yMnlWbnBqM2FPWWg1ZE5UMVNucnctSDhyWGlvV2tWZkhUUlhlTmpFWTZvX3VWc1R0NXMzOTN3QmVIUEhreXJQd05iWGVsZkNtT0g2QXc1VnMxUC1KcldOS0dTRDZEZFZXMUlVTWFQMk1lb2tSbThSdEZ4aGJjMWt1aDg?oc=5\" target=\"_blank\" rel=\"nofollow noopener\">Ukrenergo: P\u0113c Krievijas masveida uzbrukuma vissare\u017e\u0123\u012bt\u0101k\u0101 situ\u0101cija ir Kijiv\u0101 un 5 apgabalos<\/a>&nbsp;&nbsp;LSM<\/li>\n<li><a href=\"https:\/\/news.google.com\/rss\/articles\/CBMirAFBVV95cUxNaEVtaUJnTjB1LUVvOEItMVNaTGpzdnRrcXhqTGNaV2tsWVlNRHlsZk15MU5Eb01GVWlIUTNYM1ZnN3YwQXFvRnQtVnVrdmV2bXhKNFFOX1JPSzJSUktfMFNpQTdJOXhBUnJ0R2ZJcjM3YTVBQ1lONGpYTzVjb0hfeFlUckxpb1VtX3V2elpySUpSeG9iVE1zNXFnSk1oN0xsWS1lWHBuU0ZRdW5Z?oc=5\" target=\"_blank\" rel=\"nofollow noopener\">Zelenskis: Ukrain\u0101 pretgaisa aizsardz\u012bba nepiecie\u0161ama 203 galvenajiem objektiem<\/a>&nbsp;&nbsp;Apollo.lv<\/li>\n<li><a href=\"https:\/\/news.google.com\/rss\/articles\/CBMingFBVV95cUxNSkZZLUNXb0YzaHVwUzZ0UGxqREhNTmR6dElaS05sQmJ0UmRtQ3RWWjdVVUlCMXNYcTdSNmFtdFJkcDk0SHh1eTdlZDY4UVhEQ01odFBmWWRDSFh3R0pmbGxQUURmOUtMMzVVanhTdnZiWFkxNmhmTlQwOFRPWVlVOGdrUTF4U1VwX0ZTSnhJXzA2S3VPSllmYUdmb0J0QQ?oc=5\" target=\"_blank\" rel=\"nofollow noopener\">Krievi atkal ap\u0161auda Ukrainu; tr\u0101pa desmit rajonos<\/a>&nbsp;&nbsp;Delfi<\/li>\n<li><a href=\"https:\/\/news.google.com\/rss\/articles\/CBMiogFBVV95cUxPRHMwcUctMXdLdU9tTlBCMi1FcDFaRlkwZVRXSGVCc2s2ZGtDdDhlcG5FSzVZTkVDQTJLSjQwazhmT2RQN2NqbmExdHBPV2RXMEZNdFQySEFkOS02ZDduWEEzSVVGMnI4ZGxFRUk4c0V3Nm8zSlNUdzNIS1A0RGstNlVBSWp0emlCV2p6Z0Q5YS1jU1pOUEZpVWpkc1NQaFZUeEE?oc=5\" target=\"_blank\" rel=\"nofollow noopener\">Slimn\u012bc\u0101 nomira septi\u0146us gadus vecs z\u0113ns: Krievija nakt\u012b veikusi ne\u017e\u0113l\u012bgu uzbrukumu<\/a>&nbsp;&nbsp;LA.LV<\/li>\n<\/ol>\n","protected":false},"excerpt":{"rendered":"Sv\u0113tdien Krievija uzbrukusi Ukrainai ar 118 droniem&nbsp;&nbsp;TVNET Ukrenergo: P\u0113c Krievijas masveida uzbrukuma vissare\u017e\u0123\u012bt\u0101k\u0101 situ\u0101cija ir Kijiv\u0101 un 5&hellip;\n","protected":false},"author":2,"featured_media":19069,"comment_status":"","ping_status":"","sticky":false,"template":"","format":"standard","meta":{"footnotes":""},"categories":[14],"tags":[23,57,28,29,32,33,22,74,30,31,35,39,38,36,37,34,40,20,26,27,24,25,276,54,55,56,21,58],"class_list":{"0":"post-19068","1":"post","2":"type-post","3":"status-publish","4":"format-standard","5":"has-post-thumbnail","7":"category-zinas-no-arvalstim","8":"tag-aktualitates","9":"tag-arvalstim","10":"tag-breaking-news","11":"tag-breakingnews","12":"tag-featured-news","13":"tag-featurednews","14":"tag-headlines","15":"tag-krievijas-iebrukums-ukraina","16":"tag-latest-news","17":"tag-latestnews","18":"tag-latvia","19":"tag-latvian","20":"tag-latviesu","21":"tag-latviesu-valoda","22":"tag-latviesuvaloda","23":"tag-latvija","24":"tag-lv","25":"tag-news","26":"tag-popularakas-zinas","27":"tag-popularakaszinas","28":"tag-top-stories","29":"tag-topstories","30":"tag-ukraina","31":"tag-world","32":"tag-world-news","33":"tag-worldnews","34":"tag-zinas","35":"tag-zinas-no-arvalstim"},"share_on_mastodon":{"url":"","error":""},"_links":{"self":[{"href":"https:\/\/www.europesays.com\/lv\/wp-json\/wp\/v2\/posts\/19068","targetHints":{"allow":["GET"]}}],"collection":[{"href":"https:\/\/www.europesays.com\/lv\/wp-json\/wp\/v2\/posts"}],"about":[{"href":"https:\/\/www.europesays.com\/lv\/wp-json\/wp\/v2\/types\/post"}],"author":[{"embeddable":true,"href":"https:\/\/www.europesays.com\/lv\/wp-json\/wp\/v2\/users\/2"}],"replies":[{"embeddable":true,"href":"https:\/\/www.europesays.com\/lv\/wp-json\/wp\/v2\/comments?post=19068"}],"version-history":[{"count":0,"href":"https:\/\/www.europesays.com\/lv\/wp-json\/wp\/v2\/posts\/19068\/revisions"}],"wp:featuredmedia":[{"embeddable":true,"href":"https:\/\/www.europesays.com\/lv\/wp-json\/wp\/v2\/media\/19069"}],"wp:attachment":[{"href":"https:\/\/www.europesays.com\/lv\/wp-json\/wp\/v2\/media?parent=19068"}],"wp:term":[{"taxonomy":"category","embeddable":true,"href":"https:\/\/www.europesays.com\/lv\/wp-json\/wp\/v2\/categories?post=19068"},{"taxonomy":"post_tag","embeddable":true,"href":"https:\/\/www.europesays.com\/lv\/wp-json\/wp\/v2\/tags?post=19068"}],"curies":[{"name":"wp","href":"https:\/\/api.w.org\/{rel}","templated":true}]}}