{"id":19076,"date":"2025-10-12T10:40:10","date_gmt":"2025-10-12T10:40:10","guid":{"rendered":"https:\/\/www.europesays.com\/lv\/19076\/"},"modified":"2025-10-12T10:40:10","modified_gmt":"2025-10-12T10:40:10","slug":"latvijas-eauto-2025-26-uzladets","status":"publish","type":"post","link":"https:\/\/www.europesays.com\/lv\/19076\/","title":{"rendered":"Latvijas eauto 2025\/26 \u2013 Uzl\u0101d\u0113ts"},"content":{"rendered":"<p>Audi, Nissan, Volvo un Volkswagen sacen\u0161as par Latvijas elektroauto titulu premium gal\u0101. Kas ir savas cenas v\u0113rts un ko saka m\u016bsu \u201caukstasin\u012bgais\u201d v\u0113rt\u0113t\u0101js?<\/p>\n<p>Kad auto cena tuvojas 100 t\u016bksto\u0161iem, bet svars jau konkur\u0113 ar mikroautobusu, skaidrs \u2014 runa ir par d\u0101rg\u0101ko elektroauto galu. \u0160oreiz Uzl\u0101d\u0113ts.lv podk\u0101sta duets \u2014 K\u0101rlis un J\u0101nis \u2014 v\u0113rt\u0113 Audi, Nissan, Volvo un Volkswagen  flagma\u0146us, kas pretend\u0113 uz \u201cLatvijas e-auto 2025\/26\u201d titulu premium cenu gal\u0101.<\/p>\n<p>Papildus tam, tika izv\u0113rt\u0113tas ar\u012b papildnomin\u0101cijas un noskaidrots, ko m\u0101ksl\u012bgais intelekts, kas sprie\u017e nevis ar saj\u016bt\u0101m, bet ar datiem, novietotu uz pjedest\u0101la.<\/p>\n<p>Kandid\u0101ti un v\u0113rt\u0113jumi<\/p>\n<ul class=\"wp-block-list\">\n<li>\u26a1 Audi A6 e-tron \u2013 dizains un efektivit\u0101te beidzot iet roku rok\u0101;<\/li>\n<li>\ud83d\udd07 Audi SQ6 e-tron \u2013 liel\u0101ks un ar ska\u0146u elementiem, kas nedaudz p\u0101rsteidz;<\/li>\n<li>\ud83e\uddca Volvo EX90 \u2013 3 tonnas mier\u012bguma un gaisa pretest\u012bbas;<\/li>\n<li>\ud83c\udfce\ufe0f Nissan Ariya Nismo \u2013 sportisks t\u0113ls, bet dv\u0113sel\u0113 \u0123imenes auto;<\/li>\n<li>\ud83d\ude9a VW ID.7 Tourer \u2013 univers\u0101ls, kas rada saj\u016btas k\u0101 \u012bsts \u201ctautas luksuss\u201d.<\/li>\n<\/ul>\n<p>Papildus nomin\u0101cij\u0101s (rad\u012bts pils\u0113tai, biznesa klase, uz\u0146\u0113mumu izv\u0113le, \u0123imenes izv\u0113le, dizaina balva un lielce\u013cu karalis) bija pla\u0161as diskusijas un iesp\u0113jas person\u012bgajai interpret\u0101cijai. Visinteresant\u0101k\u0101 izv\u0113le noteikti bija dizaina balvas nomin\u0101cij\u0101.<\/p>\n<p><a href=\"https:\/\/uzladets.lv\/elektrumdrive250826kv\" target=\"_blank\" rel=\"nofollow noopener\"><img decoding=\"async\" src=\"https:\/\/www.europesays.com\/lv\/wp-content\/uploads\/2025\/09\/elektrum_drive_pecapmaksa_kv.jpg\" style=\"max-width: 300px; max-height:250px;\"\/><\/a><img loading=\"lazy\" decoding=\"async\" src=\"https:\/\/www.europesays.com\/lv\/wp-content\/uploads\/2025\/09\/1758556209_464_\" border=\"0\" width=\"1\" height=\"1\"\/><\/p>\n<p>Aukstasin\u012bgais m\u0101ksl\u012bgais intelekts<\/p>\n<p>Kam\u0113r cilv\u0113ki joproj\u0101m str\u012bdas, vai Volvo EX90 ir \u201cp\u0101r\u0101k IKEA\u201d un vai Nissan Ariya Nismo tie\u0161\u0101m pelna sportisku embl\u0113mu, uz skatuves k\u0101pj k\u0101ds, kuram emociju vienk\u0101r\u0161i nav \u2014 m\u0101ksl\u012bgais intelekts, kuru sauc ChatGPT. Tas sa\u0146\u0113ma visas auto tehnisk\u0101s specifik\u0101cijas, uzl\u0101des datus un pat vid\u0113jos pat\u0113ri\u0146us, un nov\u0113rt\u0113ja katru kandid\u0101tu. Rezult\u0101ts? Bez jebk\u0101das kaisles ChatGPT kron\u0113ja Hyundai Inster par bud\u017eeta karali, Cupra Tavascan par vid\u0113j\u0101s klases uzvar\u0113t\u0101ju, bet Audi A6 e-tron un Q6 e-tron dal\u012bja premium pjedest\u0101la augst\u0101ko pak\u0101pienu.<\/p>\n<p>Cilv\u0113c\u012bgi skatoties, vi\u0146\u0161 varb\u016bt neizj\u016bt to gandar\u012bjumu, ko rada spiediena ped\u0101lis un akustiski izol\u0113ts salons, bet par\u0101d\u012bja, ka reiz\u0113m dati ir objekt\u012bv\u0101ki par saj\u016bt\u0101m. Varb\u016bt n\u0101kamgad vi\u0146am vajadz\u0113tu dot balssties\u012bbas ar\u012b \u017e\u016brij\u0101?<\/p>\n<p>Kur\u0161 uzvar?<\/p>\n<p>Ir diez gan skaidrs, ka d\u0101rgaj\u0101 elektroauto gal\u0101 ir tehnolo\u0123iju par\u0101de, kur emocijas un Excel tabulas bie\u017ei nesakr\u012bt.<br \/>Kur\u0161 domin\u0113? Kur\u0161 apbur? Kur\u0161 p\u0101rsteidz? Kur\u0161 rada \u201cto\u201d saj\u016btu? Katram savs, bet m\u016bsu v\u0113rt\u0113jumus vari noskaidrot epizod\u0113.<\/p>\n<p>\ud83c\udfa7 Klausies pilno epizodi \u201cV\u0113rt\u0113jam elektroauto d\u0101rgo galu bez roz\u0101 brill\u0113m\u201d sav\u0101 iecien\u012bt\u0101kaj\u0101 platform\u0101,<br \/>un ieraksti koment\u0101ros: kur\u0161 tavupr\u0101t \u0161\u0137iet peln\u012bjis pjedest\u0101lu?<\/p>\n<p><a href=\"https:\/\/mistape.com\" target=\"_blank\" rel=\"nofollow noopener\" class=\"mistape-link mistape-logo\"><\/a><\/p>\n<p>Ja rakst\u0101 paman\u012bji k\u013c\u016bdu, padod mums par to zi\u0146u, iez\u012bm\u0113jot a\u010dg\u0101rno tekstu un nospie\u017eot Ctrl+Enter. Paldies!<\/p>\n<p>&#13;<br \/>\n                    0&#13;<br \/>\n                    0&#13;<br \/>\n                    balsojumi<\/p>\n<p>Raksta nov\u0113rt\u0113jums<\/p>\n<p>\t\tPost navigation<\/p>\n","protected":false},"excerpt":{"rendered":"Audi, Nissan, Volvo un Volkswagen sacen\u0161as par Latvijas elektroauto titulu premium gal\u0101. Kas ir savas cenas v\u0113rts un&hellip;\n","protected":false},"author":2,"featured_media":19077,"comment_status":"","ping_status":"","sticky":false,"template":"","format":"standard","meta":{"footnotes":""},"categories":[16],"tags":[1527,77,76,5822,35,39,38,36,37,34,6237,40,6238,6239,6240],"class_list":{"0":"post-19076","1":"post","2":"type-post","3":"status-publish","4":"format-standard","5":"has-post-thumbnail","7":"category-bizness","8":"tag-audi","9":"tag-bizness","10":"tag-business","11":"tag-gada-auto","12":"tag-latvia","13":"tag-latvian","14":"tag-latviesu","15":"tag-latviesu-valoda","16":"tag-latviesuvaloda","17":"tag-latvija","18":"tag-latvijas-e-auto-balva","19":"tag-lv","20":"tag-nissan","21":"tag-volkswagen","22":"tag-volvo"},"share_on_mastodon":{"url":"","error":""},"_links":{"self":[{"href":"https:\/\/www.europesays.com\/lv\/wp-json\/wp\/v2\/posts\/19076","targetHints":{"allow":["GET"]}}],"collection":[{"href":"https:\/\/www.europesays.com\/lv\/wp-json\/wp\/v2\/posts"}],"about":[{"href":"https:\/\/www.europesays.com\/lv\/wp-json\/wp\/v2\/types\/post"}],"author":[{"embeddable":true,"href":"https:\/\/www.europesays.com\/lv\/wp-json\/wp\/v2\/users\/2"}],"replies":[{"embeddable":true,"href":"https:\/\/www.europesays.com\/lv\/wp-json\/wp\/v2\/comments?post=19076"}],"version-history":[{"count":0,"href":"https:\/\/www.europesays.com\/lv\/wp-json\/wp\/v2\/posts\/19076\/revisions"}],"wp:featuredmedia":[{"embeddable":true,"href":"https:\/\/www.europesays.com\/lv\/wp-json\/wp\/v2\/media\/19077"}],"wp:attachment":[{"href":"https:\/\/www.europesays.com\/lv\/wp-json\/wp\/v2\/media?parent=19076"}],"wp:term":[{"taxonomy":"category","embeddable":true,"href":"https:\/\/www.europesays.com\/lv\/wp-json\/wp\/v2\/categories?post=19076"},{"taxonomy":"post_tag","embeddable":true,"href":"https:\/\/www.europesays.com\/lv\/wp-json\/wp\/v2\/tags?post=19076"}],"curies":[{"name":"wp","href":"https:\/\/api.w.org\/{rel}","templated":true}]}}